{"id":3570,"date":"2026-04-18T12:30:05","date_gmt":"2026-04-18T10:30:05","guid":{"rendered":"https:\/\/zintzilik.net\/?p=3570"},"modified":"2026-04-29T19:04:44","modified_gmt":"2026-04-29T17:04:44","slug":"xxiii-marcha-contra-la-macrocarcel-de-zuera-especial-radio-hawaii-y-radio-topo","status":"publish","type":"post","link":"https:\/\/blogs.sindominio.net\/zintzilik\/2026\/04\/18\/xxiii-marcha-contra-la-macrocarcel-de-zuera-especial-radio-hawaii-y-radio-topo\/","title":{"rendered":"XXIII Marcha contra la Macroc\u00e1rcel de Zuera : Especial Radio Hawai y Radio Topo"},"content":{"rendered":"\n<p>A trav\u00e9s de las ondas en directo de Radio Hawai abrimos un especial con la retransmisi\u00f3n este domingo 19 de Abril de 13h a 16h de la Marcha a la Macroc\u00e1rcel de Zuera.<\/p>\n\n\n\n<p>Audio completo: <a href=\"https:\/\/www.radiotopo.org\/emision-radio-hawaii-xxiii-marcha-contra-la-macrocarcel-de-zuera\/\">https:\/\/www.radiotopo.org\/emision-radio-hawaii-xxiii-marcha-contra-la-macrocarcel-de-zuera\/<\/a><\/p>\n\n\n\n<p>Como cada a\u00f1o, las radios libres aragonesas acompa\u00f1an las acciones contra la macroc\u00e1rcel y nos ofrecer\u00e1n un programa variado durante toda la jornada. <\/p>\n\n\n\n<p><a href=\"https:\/\/marchazuera.noblezabaturra.org\/23marchazuera.html\">https:\/\/marchazuera.noblezabaturra.org\/23marchazuera.html<\/a><\/p>\n\n\n\n<p>Dada la dificultad de coordinar exactamente horarios, retransmitiremos la emisi\u00f3n que nos ofrecer\u00e1 Radio Topo, esperando poder escuchar alguna retransmisi\u00f3n en directo desde Zuera. <\/p>\n\n\n\n<figure class=\"wp-block-embed is-type-wp-embed is-provider-radio-topo wp-block-embed-radio-topo\"><div class=\"wp-block-embed__wrapper\">\n<blockquote class=\"wp-embedded-content\" data-secret=\"QmOX75YAKU\"><a href=\"https:\/\/www.radiotopo.org\/acratador-16-abril-26\/\">Acratador 16 Abril 26<\/a><\/blockquote><iframe loading=\"lazy\" class=\"wp-embedded-content\" sandbox=\"allow-scripts\" security=\"restricted\" style=\"position: absolute; visibility: hidden;\" title=\"\u00abAcratador 16 Abril 26\u00bb \u2014 Radio Topo\" src=\"https:\/\/www.radiotopo.org\/acratador-16-abril-26\/embed\/#?secret=yLrHAoZtHU#?secret=QmOX75YAKU\" data-secret=\"QmOX75YAKU\" width=\"500\" height=\"282\" frameborder=\"0\" marginwidth=\"0\" marginheight=\"0\" scrolling=\"no\"><\/iframe>\n<\/div><\/figure>\n\n\n\n<p>Adjuntamos el comunicado:<\/p>\n\n\n\n<h2 class=\"wp-block-heading\">Comunicado XXIII Marcha contra la Macroc\u00e1rcel de Zuera<\/h2>\n\n\n\n<p>La c\u00e1rcel es un lugar lleno de personas que pensaban que no iban a acabar all\u00ed.<\/p>\n\n\n\n<p>El talego no es m\u00e1s que una parte m\u00e1s de la sociedad, espejo feo en el que nadie quiere verse reflejado.<\/p>\n\n\n\n<p>Por eso se tom\u00f3 la opci\u00f3n de apartar las c\u00e1rceles de las ciudades, para que parezca que esta parte de la sociedad no existe, en un plan tan perverso como fue el de la construcci\u00f3n de las macroc\u00e1rceles como la de Zuera, que cumple 25 a\u00f1os.<\/p>\n\n\n\n<p>Lo que hay dentro tambi\u00e9n es lo que hay fuera, con sus glorias, sus miserias y su precariedad. Las c\u00e1rceles no est\u00e1n llenas de monstruos, sino de seres humanos, aunque el relato se pinte de otra manera.<\/p>\n\n\n\n<p>Pero luego viene la deformidad del espejo, en el que lo que es normal fuera, es privilegio dentro de los muros.<\/p>\n\n\n\n<p>Algo tan simple como abrir una ventana, tener acceso al aire libre o a una m\u00ednima calidad de vida se vuelve imposible. No digamos ya cuando se trata de cuidar la salud.<\/p>\n\n\n\n<p>Aunque las denuncias son reiteradas por las condiciones de salubridad y atenci\u00f3n m\u00e9dica en las prisiones, rara vez se atienden. Visitar a un especialista o una adecuada atenci\u00f3n a la salud mental puede convertirse en una tortura para quien est\u00e1 padeciendo cualquier tipo de patolog\u00eda.<\/p>\n\n\n\n<p>S\u00ed, hablamos de tortura. Porque no atender, aunque sea por dejadez o falta de medios, las necesidades m\u00e1s b\u00e1sicas en lo sanitario de una persona, se convierte en un maltrato reiterado que sobrepasa la simple molestia. M\u00e1s a\u00fan cuando no puedes elegir, cuando est\u00e1s encerradx y dependes de unos largos plazos de reclamaci\u00f3n que pueden chocar contra el muro de la burocracia.<\/p>\n\n\n\n<p>Si la situaci\u00f3n se vuelve m\u00e1s desesperada, sobreviene la violencia dentro de las prisiones, las autolesiones o, en los casos m\u00e1s extremos, el suicidio.<\/p>\n\n\n\n<p>Las cifras hablan: la tasa de suicidio dentro de las prisiones duplica la de las personas en libertad, hasta en situaci\u00f3n de r\u00e9gimen abierto. El encierro pasa una dura factura a las personas que lo padecen.<\/p>\n\n\n\n<p>En el caso de la c\u00e1rcel de Zuera, con evidentes carencias, se est\u00e1 llevando a cabo una reforma del centro.<\/p>\n\n\n\n<p>Las noticias desde los medios son as\u00e9pticas, pero el sufrimiento en el interior ha sido mucho.<\/p>\n\n\n\n<p>Por lo pronto porque ha conllevado cientos de traslados, lo que supone que muchas familias pierdan el contacto con sus allegados.<\/p>\n\n\n\n<p>Y la reforma, que a priori deber\u00eda suponer una mejora en sistemas como la ventilaci\u00f3n y climatizaci\u00f3n, se est\u00e1 materializando en la sustituci\u00f3n de las viejas ventanas por unas nuevas que ya no se abren, impidiendo la entrada de aire en las celdas y agravando la sensaci\u00f3n de claustrofobia y ansiedad, empeorando la salud mental de las personas presas.<\/p>\n\n\n\n<p>El encierro lo sigue siendo y las condiciones de vida, sin una atenci\u00f3n humana adecuada (la falta de personal la denuncian los propios funcionarios) sigue siendo deficiente.<\/p>\n\n\n\n<p>El tiempo pasa, pero las c\u00e1rceles siguen siendo las mismas, por muchas reformas que se hagan, generalmente cosm\u00e9ticas.<\/p>\n\n\n\n<p>Y desde fuera seguiremos gritando (contra el encierro y sus jaulas): abajo los muros de las prisiones, los CIEs, los reformatorios y los psiqui\u00e1tricos.<\/p>\n","protected":false},"excerpt":{"rendered":"<div class=\"mh-excerpt\"><p>A trav\u00e9s de las ondas en directo de Radio Hawai abrimos un especial con la retransmisi\u00f3n este domingo 19 de Abril de 13h a 16h <a class=\"mh-excerpt-more\" href=\"https:\/\/blogs.sindominio.net\/zintzilik\/2026\/04\/18\/xxiii-marcha-contra-la-macrocarcel-de-zuera-especial-radio-hawaii-y-radio-topo\/\" title=\"XXIII Marcha contra la Macroc\u00e1rcel de Zuera : Especial Radio Hawai y Radio Topo\">[&#8230;]<\/a><\/p>\n<\/div>","protected":false},"author":166,"featured_media":3571,"comment_status":"closed","ping_status":"open","sticky":false,"template":"","format":"standard","meta":{"footnotes":""},"categories":[20,17],"tags":[],"class_list":["post-3570","post","type-post","status-publish","format-standard","has-post-thumbnail","hentry","category-berriak","category-irratsaio-bereziak"],"_links":{"self":[{"href":"https:\/\/blogs.sindominio.net\/zintzilik\/wp-json\/wp\/v2\/posts\/3570","targetHints":{"allow":["GET"]}}],"collection":[{"href":"https:\/\/blogs.sindominio.net\/zintzilik\/wp-json\/wp\/v2\/posts"}],"about":[{"href":"https:\/\/blogs.sindominio.net\/zintzilik\/wp-json\/wp\/v2\/types\/post"}],"author":[{"embeddable":true,"href":"https:\/\/blogs.sindominio.net\/zintzilik\/wp-json\/wp\/v2\/users\/166"}],"replies":[{"embeddable":true,"href":"https:\/\/blogs.sindominio.net\/zintzilik\/wp-json\/wp\/v2\/comments?post=3570"}],"version-history":[{"count":3,"href":"https:\/\/blogs.sindominio.net\/zintzilik\/wp-json\/wp\/v2\/posts\/3570\/revisions"}],"predecessor-version":[{"id":3584,"href":"https:\/\/blogs.sindominio.net\/zintzilik\/wp-json\/wp\/v2\/posts\/3570\/revisions\/3584"}],"wp:featuredmedia":[{"embeddable":true,"href":"https:\/\/blogs.sindominio.net\/zintzilik\/wp-json\/wp\/v2\/media\/3571"}],"wp:attachment":[{"href":"https:\/\/blogs.sindominio.net\/zintzilik\/wp-json\/wp\/v2\/media?parent=3570"}],"wp:term":[{"taxonomy":"category","embeddable":true,"href":"https:\/\/blogs.sindominio.net\/zintzilik\/wp-json\/wp\/v2\/categories?post=3570"},{"taxonomy":"post_tag","embeddable":true,"href":"https:\/\/blogs.sindominio.net\/zintzilik\/wp-json\/wp\/v2\/tags?post=3570"}],"curies":[{"name":"wp","href":"https:\/\/api.w.org\/{rel}","templated":true}]}}