{"id":3567,"date":"2026-04-18T12:19:57","date_gmt":"2026-04-18T10:19:57","guid":{"rendered":"https:\/\/zintzilik.net\/?p=3567"},"modified":"2026-04-18T12:34:41","modified_gmt":"2026-04-18T10:34:41","slug":"revoltes-de-la-terra-especial-de-contranda-fm","status":"publish","type":"post","link":"https:\/\/blogs.sindominio.net\/zintzilik\/2026\/04\/18\/revoltes-de-la-terra-especial-de-contranda-fm\/","title":{"rendered":"Revoltes de la Terra: Especial de Contranda FM"},"content":{"rendered":"\n<p>Los d\u00edas 17, 18 y 19 de Abril se celebra en la comarca del Bages el encuentro <strong>Revoltes de La Terra<\/strong> que ser\u00e1 retransmitido por las compa\u00f1eras de la radio libre de Barcelona, Contrabanda FM.<\/p>\n\n\n\n<p>Zintzilik retransmitir\u00e1 entre las 13h y las 16h del s\u00e1bado 18 de Abril a trav\u00e9s de las ondas parte de ese directo.<\/p>\n\n\n\n<!--more-->\n\n\n\n<p>M\u00e1s informaci\u00f3n: <a href=\"https:\/\/www.contrabanda.org\/ca\/2026\/04\/17\/revoltes-de-la-terra-17-18-i-19-dabril-al-bages\/\">https:\/\/www.contrabanda.org\/ca\/2026\/04\/17\/revoltes-de-la-terra-17-18-i-19-dabril-al-bages\/<\/a><\/p>\n","protected":false},"excerpt":{"rendered":"<div class=\"mh-excerpt\"><p>Los d\u00edas 17, 18 y 19 de Abril se celebra en la comarca del Bages el encuentro Revoltes de La Terra que ser\u00e1 retransmitido por <a class=\"mh-excerpt-more\" href=\"https:\/\/blogs.sindominio.net\/zintzilik\/2026\/04\/18\/revoltes-de-la-terra-especial-de-contranda-fm\/\" title=\"Revoltes de la Terra: Especial de Contranda FM\">[&#8230;]<\/a><\/p>\n<\/div>","protected":false},"author":166,"featured_media":3568,"comment_status":"closed","ping_status":"open","sticky":false,"template":"","format":"standard","meta":{"footnotes":""},"categories":[51],"tags":[],"class_list":["post-3567","post","type-post","status-publish","format-standard","has-post-thumbnail","hentry","category-programazioa"],"_links":{"self":[{"href":"https:\/\/blogs.sindominio.net\/zintzilik\/wp-json\/wp\/v2\/posts\/3567","targetHints":{"allow":["GET"]}}],"collection":[{"href":"https:\/\/blogs.sindominio.net\/zintzilik\/wp-json\/wp\/v2\/posts"}],"about":[{"href":"https:\/\/blogs.sindominio.net\/zintzilik\/wp-json\/wp\/v2\/types\/post"}],"author":[{"embeddable":true,"href":"https:\/\/blogs.sindominio.net\/zintzilik\/wp-json\/wp\/v2\/users\/166"}],"replies":[{"embeddable":true,"href":"https:\/\/blogs.sindominio.net\/zintzilik\/wp-json\/wp\/v2\/comments?post=3567"}],"version-history":[{"count":1,"href":"https:\/\/blogs.sindominio.net\/zintzilik\/wp-json\/wp\/v2\/posts\/3567\/revisions"}],"predecessor-version":[{"id":3569,"href":"https:\/\/blogs.sindominio.net\/zintzilik\/wp-json\/wp\/v2\/posts\/3567\/revisions\/3569"}],"wp:featuredmedia":[{"embeddable":true,"href":"https:\/\/blogs.sindominio.net\/zintzilik\/wp-json\/wp\/v2\/media\/3568"}],"wp:attachment":[{"href":"https:\/\/blogs.sindominio.net\/zintzilik\/wp-json\/wp\/v2\/media?parent=3567"}],"wp:term":[{"taxonomy":"category","embeddable":true,"href":"https:\/\/blogs.sindominio.net\/zintzilik\/wp-json\/wp\/v2\/categories?post=3567"},{"taxonomy":"post_tag","embeddable":true,"href":"https:\/\/blogs.sindominio.net\/zintzilik\/wp-json\/wp\/v2\/tags?post=3567"}],"curies":[{"name":"wp","href":"https:\/\/api.w.org\/{rel}","templated":true}]}}