{"id":3502,"date":"2026-03-28T17:56:01","date_gmt":"2026-03-28T16:56:01","guid":{"rendered":"https:\/\/blogs.sindominio.net\/zintzilik\/?p=3502"},"modified":"2026-03-31T10:36:04","modified_gmt":"2026-03-31T08:36:04","slug":"cadenazo-radial-en-solidaridad-con-la-companera-anarquista-monica-caballero","status":"publish","type":"post","link":"https:\/\/blogs.sindominio.net\/zintzilik\/2026\/03\/28\/cadenazo-radial-en-solidaridad-con-la-companera-anarquista-monica-caballero\/","title":{"rendered":"Cadenazo Radial en solidaridad con la compa\u00f1era anarquista M\u00f3nica Caballero"},"content":{"rendered":"\n<p><div aria-live=\"assertive\" id=\"magicdomid8\" class=\"ace-line\"><span class=\"author-a-z66ziz70zqz90zz67zfpz72zlz81zz82zfz81zum\">Cadenazo Radial en solidaridad con la compa\u00f1era anarquista M\u00f3nica Caballero\u00a0\u00a0<\/span><\/div><\/p>\n\n\n\n<p><a href=\"https:\/\/radioultimafrecuencia.noblogs.org\/post\/2026\/03\/28\/hoy-cadenazo-radial-x-la-libertad-de-monica-caballero\/\">https:\/\/radioultimafrecuencia.noblogs.org\/post\/2026\/03\/28\/hoy-cadenazo-radial-x-la-libertad-de-monica-caballero\/<\/a><div aria-live=\"assertive\" id=\"magicdomid9\" class=\"ace-line\"><\/div><div aria-live=\"assertive\" id=\"magicdomid10\" class=\"ace-line\"><\/div><\/p>\n\n\n\n<p><div aria-live=\"assertive\" id=\"magicdomid11\" class=\"ace-line\"><\/div><div aria-live=\"assertive\" id=\"magicdomid12\" class=\"ace-line\"><span class=\"author-a-z66ziz70zqz90zz67zfpz72zlz81zz82zfz81zum\">Cabe recordar que durante las pr\u00f3ximas semanas la Corte de Apelaciones en Chile revisar\u00e1 por segunda vez su postulaci\u00f3n a la libertad condicional, la  cual ha sido anteriormente rechazada pese a cumplir con todos los  requisitos exigidos para obtener el ahora \u00abbeneficio\u00bb carcelario.<\/span><\/div><\/p>\n\n\n\n<p><div aria-live=\"assertive\" id=\"magicdomid13\" class=\"ace-line\"><\/div><div aria-live=\"assertive\" id=\"magicdomid14\" class=\"ace-line\"><span class=\"author-a-z66ziz70zqz90zz67zfpz72zlz81zz82zfz81zum\">Ante esto como radios anarquistas, antiautoritarias y afines queremos solidarizar con la compa\u00f1era quien mantiene su posicionamiento inalterable ante las artima\u00f1as del poder.<\/span><\/div><div aria-live=\"assertive\" id=\"magicdomid15\" class=\"ace-line\"><\/div><\/p>\n\n\n\n<p>Como Zinzilik Irratia, aportamos informaci\u00f3n en este cadenazo sobre el caso de Mar\u00eda Jos\u00e9 And\u00fajar, ofreciendo algunas actualizaciones del caso y los diversos apoyos por parte de individualidades y colectivas estas \u00faltimas semanas por su liberaci\u00f3n.<\/p>\n\n\n\n<p>M\u00e1s informaci\u00f3n: <a href=\"https:\/\/www.presos.org.es\/index.php\/category\/ma-jose-banos-andujar\/\">https:\/\/www.presos.org.es\/index.php\/category\/ma-jose-banos-andujar\/<\/a><\/p>\n\n\n\n<figure class=\"wp-block-audio\"><audio controls src=\"https:\/\/archive.org\/download\/cadenazoradialsolidaridadmonicacabellero-mariajosebanosandujar\/KADENAZO.mp3\"><\/audio><\/figure>\n","protected":false},"excerpt":{"rendered":"<div class=\"mh-excerpt\"><p>Cadenazo Radial en solidaridad con la compa\u00f1era anarquista M\u00f3nica Caballero\u00a0\u00a0 https:\/\/radioultimafrecuencia.noblogs.org\/post\/2026\/03\/28\/hoy-cadenazo-radial-x-la-libertad-de-monica-caballero\/ Cabe recordar que durante las pr\u00f3ximas semanas la Corte de Apelaciones en Chile revisar\u00e1 <a class=\"mh-excerpt-more\" href=\"https:\/\/blogs.sindominio.net\/zintzilik\/2026\/03\/28\/cadenazo-radial-en-solidaridad-con-la-companera-anarquista-monica-caballero\/\" title=\"Cadenazo Radial en solidaridad con la compa\u00f1era anarquista M\u00f3nica Caballero\">[&#8230;]<\/a><\/p>\n<\/div>","protected":false},"author":166,"featured_media":3503,"comment_status":"closed","ping_status":"open","sticky":false,"template":"","format":"standard","meta":{"footnotes":""},"categories":[17],"tags":[],"class_list":["post-3502","post","type-post","status-publish","format-standard","has-post-thumbnail","hentry","category-irratsaio-bereziak"],"_links":{"self":[{"href":"https:\/\/blogs.sindominio.net\/zintzilik\/wp-json\/wp\/v2\/posts\/3502","targetHints":{"allow":["GET"]}}],"collection":[{"href":"https:\/\/blogs.sindominio.net\/zintzilik\/wp-json\/wp\/v2\/posts"}],"about":[{"href":"https:\/\/blogs.sindominio.net\/zintzilik\/wp-json\/wp\/v2\/types\/post"}],"author":[{"embeddable":true,"href":"https:\/\/blogs.sindominio.net\/zintzilik\/wp-json\/wp\/v2\/users\/166"}],"replies":[{"embeddable":true,"href":"https:\/\/blogs.sindominio.net\/zintzilik\/wp-json\/wp\/v2\/comments?post=3502"}],"version-history":[{"count":1,"href":"https:\/\/blogs.sindominio.net\/zintzilik\/wp-json\/wp\/v2\/posts\/3502\/revisions"}],"predecessor-version":[{"id":3504,"href":"https:\/\/blogs.sindominio.net\/zintzilik\/wp-json\/wp\/v2\/posts\/3502\/revisions\/3504"}],"wp:featuredmedia":[{"embeddable":true,"href":"https:\/\/blogs.sindominio.net\/zintzilik\/wp-json\/wp\/v2\/media\/3503"}],"wp:attachment":[{"href":"https:\/\/blogs.sindominio.net\/zintzilik\/wp-json\/wp\/v2\/media?parent=3502"}],"wp:term":[{"taxonomy":"category","embeddable":true,"href":"https:\/\/blogs.sindominio.net\/zintzilik\/wp-json\/wp\/v2\/categories?post=3502"},{"taxonomy":"post_tag","embeddable":true,"href":"https:\/\/blogs.sindominio.net\/zintzilik\/wp-json\/wp\/v2\/tags?post=3502"}],"curies":[{"name":"wp","href":"https:\/\/api.w.org\/{rel}","templated":true}]}}