{"id":2564,"date":"2025-07-07T20:02:35","date_gmt":"2025-07-07T18:02:35","guid":{"rendered":"https:\/\/www.zintzilik.net\/?p=2564"},"modified":"2025-08-24T13:43:27","modified_gmt":"2025-08-24T11:43:27","slug":"txupinazo-festa-2025-uztailak-21-astelehena","status":"publish","type":"post","link":"https:\/\/blogs.sindominio.net\/zintzilik\/2025\/07\/07\/txupinazo-festa-2025-uztailak-21-astelehena\/","title":{"rendered":"TXUPINAZO FESTA 2025! &#8211; Uztailak 21, astelehena"},"content":{"rendered":"\n<p><strong>2024\/2025 denboraldiaren amaiera, Madalenetako omenaldia eta Txupinazo festa!<\/strong><\/p>\n\n\n\n<p>Beste urte batez uztaila iritsi da eta horrekin batera Madalenak. Honekin, denboraldi berezi honi amaiera emango diogu, Zintzilik irratiaren 40 urteak ospatu ditugularik, 40 urtez tentsioa igotzen! lemapean.<\/p>\n\n\n\n<p>Urteurrenari ikusgarritasuna emateko hainbat ekitaldi antolatu ditugu: 40 urte hauen diseinu berezia, abesti bat, mural bat herriaren erdigunean, bakarrizketak Niessenen, La Basu eta Nikotina musika taldeen kontzertuak, Taupada Fest! jaialdiaren hamargarren edizioa Mogambon, Txintxarriko bazkaria eta ondorengo bertso-poteoa, Xenpelar aretoan egindako erakusketa&#8230; Eta amiaera gisa, urte askotako lan eta ahaleginaren ondoren, FM bidezko emisioaren hobekuntza, antena Bizarain mendian jarriz.<\/p>\n\n\n\n<p>Urtemuga borobil honetan irratiko aspaldiko kideek partu hartu dute, eta baita uztailaren 20an amaituko den denboraldi honetako parrilla osatzen dugun lagunok ere (Txarletas, La hora 45, Kuir Artxibo Bizia, Desfase Lunar, Kalez Kale Soul, Hertziok, Wkd Kosmik, Topa in Topo, Aldapa C, Hipotedisk eta Akerbeltz).<\/p>\n\n\n\n<p>Honen harira, eta ezusteko pozgarria izanik guretzat, uztailaren 19an \u201cOngi etorri Madalenak 2025\u201d ekitaldian omenduak izango gara herriko beste eragile eta hainbat pertsonekin batera. Ekimen hau Jai Toki Kultur Elkarteak antolatzen du urtero, Madalenen aurretik.<\/p>\n\n\n\n<p>Azkenik, eta 40 urteko ospakizunei agur esateko, urtero bezala, uztailaren 21ean gure ohiko saio berezia eskainiko dugu eta jarraian kontzertu bat izango dugu:<\/p>\n\n\n\n<p><strong>UZTAILAK 19, LARUNBATA \u2013 ONGI ETORRI MADALENAK 2025<\/strong><\/p>\n\n\n\n<p><a><\/a><a><\/a><a><\/a> Jai Toki Kultur Elkarteak antolatutako Madalenak aurreko ekitaldi honetan parte hartzea. Xabier Olaskoaga plazan, arratsaldeko 20:00etatik aurrera.<\/p>\n\n\n\n<p><strong>UZTAILAK 21, ASTELEHENA \u2013 TXUPINAZO FESTA!<\/strong><\/p>\n\n\n\n<p><strong>17:00etan \u2013 Irratsaio berezia: elkarrizketak, txupinazoa zuzenean, musika&#8230;<\/strong><\/p>\n\n\n\n<p>Urtero bezala, denboraldiari amaiera emateko saio berezia egingo dugu Txupinazoa zuzean emitituz! Gonbidatuak izango ditugu, musika zuzenean, irratikideen konpainia&#8230;<\/p>\n\n\n\n<p>FM 100ean edo zintzilik.net-en, zuzenean.<\/p>\n\n\n\n<p><strong>19:30etan \u2013 Barraren irekiera: pikoteoa, edaria eta konpainia hoberena<\/strong><\/p>\n\n\n\n<p>Zintzilik irratiko egoitzan: Tomas Lopez kalea (Perratokia), Oreretan<\/p>\n\n\n\n<p><strong>20:00etan \u2013 Kontzertua: ANDONI OILOKIEGI<\/strong><\/p>\n\n\n\n<p>Donibaneko musikari eta abeslari ezagunak bere musika eta kantak eskainiko dizkigu. Honezkero, aurkezpena behar ez duen musikaria dugu Andoni, autentikoa, hurbila eta dibertigarria!<\/p>\n\n\n\n<p>Gogoratu udaran zehar ez dela programaziorik egongo, baina musika on eta ez komertzialaren aukeraketa eder batez gozatzeko aukera izango duzue Zintzilik irratiko uhinetan; eta, irailetik aurrera, deboraldi berriari ekingo diogu.<\/p>\n\n\n\n<p>Animatu parte hartzera eta Zintzilik irratiarekin harremanetan jarri, ohiko bideetatik edo sare sozialen bidez. Elkar entzuten jarraituko dugu!<\/p>\n\n\n\n<p><\/p>\n\n\n\n<figure class=\"wp-block-gallery has-nested-images columns-default is-cropped wp-block-gallery-1 is-layout-flex wp-block-gallery-is-layout-flex\">\n<figure class=\"wp-block-image size-large\"><img loading=\"lazy\" decoding=\"async\" width=\"724\" height=\"1024\" data-id=\"2565\" src=\"https:\/\/www.zintzilik.net\/files\/2025\/07\/txupinazo2025_web-724x1024.jpg\" alt=\"\" class=\"wp-image-2565\" srcset=\"https:\/\/blogs.sindominio.net\/zintzilik\/files\/2025\/07\/txupinazo2025_web-724x1024.jpg 724w, https:\/\/blogs.sindominio.net\/zintzilik\/files\/2025\/07\/txupinazo2025_web-212x300.jpg 212w, https:\/\/blogs.sindominio.net\/zintzilik\/files\/2025\/07\/txupinazo2025_web-768x1086.jpg 768w, https:\/\/blogs.sindominio.net\/zintzilik\/files\/2025\/07\/txupinazo2025_web.jpg 849w\" sizes=\"auto, (max-width: 724px) 100vw, 724px\" \/><\/figure>\n<\/figure>\n\n\n\n<p>Final de temporada 2024\/2025, homenaje en Madalenak y Txupinazo festa!<\/p>\n\n\n\n<p>Un a\u00f1o m\u00e1s llega el mes de julio, y con \u00e9l Madalenak. Con ello ponemos punto final a esta temporada especial, donde hemos celebrado los 40 a\u00f1os de Zintzilik Irratia, bajo el lema: 40 urtez tentsioa igotzen!!<\/p>\n\n\n\n<p>Varias han sido las actividades organizadas para dar visibilidad a este aniversario; un dise\u00f1o especial de los 40 a\u00f1os, una canci\u00f3n, un mural en el centro del pueblo, mon\u00f3logos en Niessen, concierto con La Basu y Nikotina, decima edici\u00f3n del Taupada Fest! en Mogambo, comida aniversario en Txintxarri con bertso-poteo, exposici\u00f3n en la sala Xenpelar&#8230; y como colof\u00f3n, y tras muchos a\u00f1os de trabajo y esfuerzo, la notable mejora de la emisi\u00f3n a trav\u00e9s de la FM, colocando la antena en el monte Bizarain.<\/p>\n\n\n\n<p>Un aniversario redondo donde han participado antigues compa\u00f1eres de la radio, as\u00ed como quienes hemos formado parte de la parrilla de esta temporada, que acabar\u00e1 el 20 de julio (Txarletas, La hora 45, Kuir artxibo bizia, Desfase lunar, Kalez kale soul, Hertziok, Wkd kosmik, Topa in topo, Aldapa C, Hipotedisk y Akerbeltz).<\/p>\n\n\n\n<p>A todo esto, y siendo una grata sorpresa, el dia 19 de julio seremos homenajeados junto a otros entes y personas del pueblo en el acto \u201cOngi Etorri Madalenak 2025\u201d, que organiza todos los a\u00f1os previo a Madalenak, Jai Toki Kultur Elkartea.<\/p>\n\n\n\n<p>Por \u00faltimo, y para despedir los 40 a\u00f1os, emitiremos nuestro habitual programa especial del 21 de julio seguido de un concierto:<\/p>\n\n\n\n<p>S\u00c1BADO, 19 DE JULIO \u2013 ONGI ETORRI MADALENAK 2025<\/p>\n\n\n\n<p>Participaci\u00f3n en este acto previo a Madalenak, organizado por Jai Toki Kultur Elkartea. En la plaza Xabier Olaskoaga a patir de las 20 horas.<\/p>\n\n\n\n<p>LUNES, 21 DE JULIO \u2013 TXUPINAZO FESTA<\/p>\n\n\n\n<p>17:00- Programa especial de radio: entrevistas, txupinazo en directo, m\u00fasica&#8230;<\/p>\n\n\n\n<p>Como es habitual, desde Zintzilik Irratia cerraremos la temporada con un programa especial, \u00a1La emisi\u00f3n en directo del txupinazo!. \u00a1Tendremos invitados, m\u00fasica en directo, miembros de la radio&#8230;! En directo en la FM 100 o por zintzilik.net.<\/p>\n\n\n\n<p>19:30- Apertura de barra: Picoteo, bebida y la mejor compa\u00f1\u00eda.<\/p>\n\n\n\n<p>En la sede de Zintzilik Irratia: Tomas Lopez kalea (Herreria) en Orereta.<\/p>\n\n\n\n<p>20:00- Concierto con ANDONI OILOKIEGI<\/p>\n\n\n\n<p>El conocido m\u00fasico y cantante de Donibane nos acompa\u00f1ar\u00e1 con sus canciones. A estas alturas, no necesita presentaci\u00f3n, aut\u00e9ntico, cercano y divertido.<\/p>\n\n\n\n<p>Recordar, que durante el verano no habr\u00e1 programaci\u00f3n, pero que se podr\u00e1 disfrutar de una buena selecci\u00f3n de m\u00fasica no comercial, desde las ondas de Zintzilik Irratia. Y que a partir de septiembre nos pondremos en marcha para una nueva temporada.<\/p>\n\n\n\n<p>Animar a participar y ponerse en contacto con Zintzilik Irratia, por los medios habituales o por RRSS. Nos seguimos escuchando!<\/p>\n","protected":false},"excerpt":{"rendered":"<div class=\"mh-excerpt\"><p>2024\/2025 denboraldiaren amaiera, Madalenetako omenaldia eta Txupinazo festa! Beste urte batez uztaila iritsi da eta horrekin batera Madalenak. Honekin, denboraldi berezi honi amaiera emango diogu, <a class=\"mh-excerpt-more\" href=\"https:\/\/blogs.sindominio.net\/zintzilik\/2025\/07\/07\/txupinazo-festa-2025-uztailak-21-astelehena\/\" title=\"TXUPINAZO FESTA 2025! &#8211; Uztailak 21, astelehena\">[&#8230;]<\/a><\/p>\n<\/div>","protected":false},"author":239,"featured_media":2567,"comment_status":"closed","ping_status":"open","sticky":false,"template":"","format":"standard","meta":{"footnotes":""},"categories":[31,20],"tags":[],"class_list":["post-2564","post","type-post","status-publish","format-standard","has-post-thumbnail","hentry","category-40-urteurrena","category-berriak"],"_links":{"self":[{"href":"https:\/\/blogs.sindominio.net\/zintzilik\/wp-json\/wp\/v2\/posts\/2564","targetHints":{"allow":["GET"]}}],"collection":[{"href":"https:\/\/blogs.sindominio.net\/zintzilik\/wp-json\/wp\/v2\/posts"}],"about":[{"href":"https:\/\/blogs.sindominio.net\/zintzilik\/wp-json\/wp\/v2\/types\/post"}],"author":[{"embeddable":true,"href":"https:\/\/blogs.sindominio.net\/zintzilik\/wp-json\/wp\/v2\/users\/239"}],"replies":[{"embeddable":true,"href":"https:\/\/blogs.sindominio.net\/zintzilik\/wp-json\/wp\/v2\/comments?post=2564"}],"version-history":[{"count":4,"href":"https:\/\/blogs.sindominio.net\/zintzilik\/wp-json\/wp\/v2\/posts\/2564\/revisions"}],"predecessor-version":[{"id":2581,"href":"https:\/\/blogs.sindominio.net\/zintzilik\/wp-json\/wp\/v2\/posts\/2564\/revisions\/2581"}],"wp:featuredmedia":[{"embeddable":true,"href":"https:\/\/blogs.sindominio.net\/zintzilik\/wp-json\/wp\/v2\/media\/2567"}],"wp:attachment":[{"href":"https:\/\/blogs.sindominio.net\/zintzilik\/wp-json\/wp\/v2\/media?parent=2564"}],"wp:term":[{"taxonomy":"category","embeddable":true,"href":"https:\/\/blogs.sindominio.net\/zintzilik\/wp-json\/wp\/v2\/categories?post=2564"},{"taxonomy":"post_tag","embeddable":true,"href":"https:\/\/blogs.sindominio.net\/zintzilik\/wp-json\/wp\/v2\/tags?post=2564"}],"curies":[{"name":"wp","href":"https:\/\/api.w.org\/{rel}","templated":true}]}}