{"id":92,"date":"2020-11-26T18:13:42","date_gmt":"2020-11-26T18:13:42","guid":{"rendered":"https:\/\/blogs.sindominio.net\/niunamenosberlin\/?p=92"},"modified":"2025-04-22T21:00:00","modified_gmt":"2025-04-22T21:00:00","slug":"lectura-manifiesto-25n-2020","status":"publish","type":"post","link":"https:\/\/blogs.sindominio.net\/niunamenosberlin\/2020\/11\/lectura-manifiesto-25n-2020\/","title":{"rendered":"Lectura manifiesto 25N, 2020"},"content":{"rendered":"\n<p>Texto le\u00eddo en la manifestaci\u00f3n del 25 de Noviembre de 2020, D\u00eda Internacional de lucha contra la violencia hacia las mujeres*<\/p>\n\n\n\n<p>En Alemania hay un grave problema de violencia de g\u00e9nero:<\/p>\n\n\n\n<p>115.000 casos de violencia de g\u00e9nero se registraron en el a\u00f1o 2019<br>337 mujeres* fueron asesinadas durante el a\u00f1o 2019 y en lo que va del 2020. Cada 28 horas una mujer sufre intento de asesinato en Alemania seg\u00fan las estad\u00edsticas oficiales.<br>2 denuncias por violaci\u00f3n se registran por d\u00eda en la ciudad de Berl\u00edn<\/p>\n\n\n\n<p>Aunque la mayor\u00eda de las mujeres* son asesinadas por sus parejas y ex parejas (los llamados feminicidios \u00edntimos), no basta con recopilar datos sobre la violencia en las parejas \u00fanicamente, ni a partir de una edad puesta al azar como lo hace la BKA desde 2015. La violencia patriarcal no es una cuesti\u00f3n privada, tampoco conoce fronteras, ni distingue clases sociales, ni edad (la v\u00edctima m\u00e1s joven ten\u00eda 2 a\u00f1os mientras que la mayor ten\u00eda 94 a\u00f1os). Esta violencia es especialmente extrema contra personas trans, quienes se encuentran mucho m\u00e1s expuestas a ella en todos los \u00e1mbitos. Adem\u00e1s, este tipo de violencia se ha agravado a\u00fan m\u00e1s en el contexto de la pandemia, pues muchas de las mujeres se han visto forzadas a quedarse en casa y por lo tanto, est\u00e1n m\u00e1s expuestas a sus agresores.<\/p>\n\n\n\n<p>La violencia de g\u00e9nero se agrava tambi\u00e9n por otros factores como las diferencias econ\u00f3micas, culturales, de idioma, religiosas, la racializaci\u00f3n, el estatus legal o migratorio. Teniendo en cuenta todos estos factores vemos que las mujeres* migrantes y refugiadas son especialmente vulnerables en este sentido. Muchas de ellas no denuncian la violencia de la que son v\u00edctimas por miedo a arriesgar su estatus legal y muchas de las que se atreven a denunciar, son revictimizadas o son objeto de racismo y\/o xenofobia por parte de las autoridades competentes. Adem\u00e1s, gran parte de las mujeres*que trabajan en el sector de cuidados y servicios que mantienen nuestra sociedad funcionando no cuentan con ninguna protecci\u00f3n porque est\u00e1n \u00abilegalizadas\u00bb.<\/p>\n\n\n\n<p>Denunciamos que el Estado se empe\u00f1a en mirar hacia otro lado y no acciona ante las violencias ejercidas hacia las mujeres* que acabamos de mencionar y agregamos que:<\/p>\n\n\n\n<ul class=\"wp-block-list\"><li>De 100 violaciones denunciadas, en promedio s\u00f3lo 13 terminan en una condena.<\/li><li>Muchos de los perpetradores ya son conocidos por la polic\u00eda, pero a menudo se subestima la grave amenaza para las mujeres.<\/li><li>los centros de refugios para mujeres y ni\u00f1os y casas de asistencia est\u00e1n superadas en su capacidad, sin poder recibir a todas las que solicitan ayuda. Lo cual genera en la mayor\u00eda de esos caos como \u00fanica salida la convivencia forzada con quien ejerce violencia.<\/li><li>Algunos de los feminicidios se califican como homicidios involuntarios, otros como homicidios dolosos, pero en ninguno de los casos se tiene en cuenta que a las mujeres* se las asesina por el hecho de ser mujer, es decir, por su g\u00e9nero, y que esto tiene un efecto en la condena del feminicida.<\/li><\/ul>\n\n\n\n<p>Por lo tanto:<\/p>\n\n\n\n<ul class=\"wp-block-list\"><li>Exigimos que la polic\u00eda tome TODAS las denuncias por violencia de g\u00e9nero y que se califiquen como tal, ya que desde esta instituci\u00f3n no solo a menudo no aceptan que las mujeres* denuncien, sino que adem\u00e1s las desalientan a que denuncien a sus agresores.<\/li><li>Exigimos que en la prensa se haga eco de la situaci\u00f3n de violencia que sufren las mujeres* y la lucha que llevamos quienes la combatimos.<\/li><li>Exigimos la tipificaci\u00f3n del delito de feminicidio como lo que son: asesinatos porcuestiones de g\u00e9nero contra mujeres* y cuerpos feminizados.<\/li><li>Exigimos el fin de la complicidad del Estado en la reproducci\u00f3n de la violencia de g\u00e9nero, la revictimizaci\u00f3n y la perpetuaci\u00f3n de la impunidad ante la violencia, desaparici\u00f3n y asesinato de mujeres* y cuerpos feminizados.<\/li><li>Exigimos la inclusi\u00f3n de protocolos con perspectiva de g\u00e9nero en las instituciones encargadas de investigar, sancionar y reparar los cr\u00edmenes de violencia contra las mujeres* y cuerpos feminizados.<\/li><li>Exigimos un enfoque sensibilizado en materia de g\u00e9nero dentro de las instituciones encargadas de recibir y procesar las peticiones de asilo que garanticen la protecci\u00f3n a ni\u00f1as y personas FLINT* y eviten su deportaci\u00f3n a pa\u00edses en los que corren riesgo de sufrir violencia y donde sus derechos humanos no est\u00e9n garantizados.<\/li><\/ul>\n\n\n\n<h5 class=\"wp-block-heading\">Todas las hermanas asesinadas en Alemania y el mundo ( P\u00fablico: presentes, ahora y siempre!!)<\/h5>\n\n\n\n<h5 class=\"wp-block-heading\">ni una menos<\/h5>\n\n\n\n<h5 class=\"wp-block-heading\">vivas nos queremos<\/h5>\n\n\n\n<figure class=\"wp-block-image size-large\"><img loading=\"lazy\" decoding=\"async\" width=\"597\" height=\"800\" src=\"https:\/\/blogs.sindominio.net\/niunamenosberlin\/files\/2021\/01\/lectura_25n-597x800.jpg\" alt=\"\" class=\"wp-image-95\" srcset=\"https:\/\/blogs.sindominio.net\/niunamenosberlin\/files\/2021\/01\/lectura_25n-597x800.jpg 597w, https:\/\/blogs.sindominio.net\/niunamenosberlin\/files\/2021\/01\/lectura_25n-224x300.jpg 224w, https:\/\/blogs.sindominio.net\/niunamenosberlin\/files\/2021\/01\/lectura_25n-768x1029.jpg 768w, https:\/\/blogs.sindominio.net\/niunamenosberlin\/files\/2021\/01\/lectura_25n.jpg 800w\" sizes=\"auto, (max-width: 597px) 100vw, 597px\" \/><\/figure>\n\n\n\n<p>Deutschland hat ein gravierendes Problem mit geschlechtsspezifischer Gewalt:<\/p>\n\n\n\n<p>Im Jahr 2019 wurden 115.000 F\u00e4lle von Gewalt dieser Art angezeigt.<\/p>\n\n\n\n<p>337 Frauen wurden im Jahr 2019 und bis jetzt im Jahr 2020 get\u00f6tet.<\/p>\n\n\n\n<p>In Berlin werden jeden Tag 2 Vergewaltigungen angezeigt.<\/p>\n\n\n\n<p>Obwohl die meisten Frauen* von ihren Partnern und Ex-Partnern get\u00f6tet werden, reicht es nicht aus, nur die Gewalt in Paarbeziehungen zu erfassen, wie es das BKA seit 2015 tut. Patriarchale Gewalt ist keine Privatangelegenheit und kennt weder Grenzen noch unterscheidet sie soziale Schichten oder Alter (das j\u00fcngste Opfer war 2 Jahre alt, w\u00e4hrend das \u00e4lteste 94 Jahre alt war). Trans-Personen sind dem Problem in vermehrtem Ma\u00dfe ausgesetzt. Diese Art von Gewalt hat sich im Zusammenhang mit der Pandemie verschlimmert, da viele Frauen gezwungen sind, zu Hause zu bleiben, und dadurch ihren T\u00e4tern ausgeliefert sind.<\/p>\n\n\n\n<p>Geschlechtsspezifische Gewalt wird durch andere Faktoren wie wirtschaftliche, kulturelle, sprachliche und religi\u00f6se Unterschiede, Rassismus sowie Rechts- oder Migrationsstatus verschlimmert. Unter Ber\u00fccksichtigung all dieser Faktoren wird deutlich, dass Migrantinnen und gefl\u00fcchtete Frauen in dieser Hinsicht besonders gef\u00e4hrdet sind. Viele von ihnen melden die Gewalt, die sie erleiden, nicht aus Angst, ihren rechtlichen Status zu gef\u00e4hrden. Viele von denen, die sich doch trauen, werden von den Beh\u00f6rden schikaniert oder erleben Rassismus oder Xenophobie. Hinzu kommt, dass viele Frauen, die im Sektor der Carearbeit und der Dienstleistungen arbeiten, welche die Gesellschaft am Laufen halten, nicht gesch\u00fctzt sind, weil ihr Status \u00bb illegal\u00bb ist.<\/p>\n\n\n\n<p>Wir prangern an, dass der Staat willentlich wegschaut und nicht gegen die gerade beschriebene Gewalt gegen Frauen* vorgeht und wir f\u00fcgen folgendes hinzu:<\/p>\n\n\n\n<ul class=\"wp-block-list\"><li>Von 100 gemeldeten Vergewaltigungen enden im Durchschnitt nur 13 mit einer Verurteilung.<\/li><li>Viele der T\u00e4ter sind der Polizei bereits bekannt, aber die ernste Bedrohung f\u00fcr Frauen wird oft untersch\u00e4tzt.<\/li><li>Die Gefl\u00fcchtetenheime f\u00fcr Frauen und Kinder sind \u00fcberf\u00fcllt und nicht in der Lage, alle Hilfesuchenden aufzunehmen. In den meisten F\u00e4llen besteht der einzige Ausweg aus diesem Chaos darin, mit dem Gewaltt\u00e4ter zusammenzuleben.<\/li><li>Einige der Feminizide werden als Totschlag klassifiziert, andere als Mord, aber in keinem der F\u00e4lle wird ber\u00fccksichtigt, dass Frauen get\u00f6tet werden, weil sie Frauen sind, d.h. wegen ihres Geschlechts, und dass sich dies auf die Verurteilung des T\u00e4ters auswirken muss.<\/li><\/ul>\n\n\n\n<p>Deshalb:<\/p>\n\n\n\n<ul class=\"wp-block-list\"><li>fordern wir, dass die Polizei ALLE Beschwerden \u00fcber geschlechtsbezogene Gewalt aufnimmt und sie als solche klassifiziert, da oft nicht nur nicht akzeptiert wird, dass Frauen Anzeige erstatten, sondern sie auch aktiv davon abgehalten werden, ihre Aggressoren zu anzuzeigen.<\/li><li>Wir fordern von der Presse ein Echo auf die Gewalt, unter der Frauen* leiden, und auf den Widerstand derjenigen von uns, die dagegen k\u00e4mpfen.<br>-Wir fordern die Einstufung des Verbrechens des Feminizids als das, was es ist: ein geschlechtsspezifischer Mord an Frauen* und weiblichen K\u00f6rpern.<\/li><li>Wir fordern ein Ende der Komplizenschaft des Staates bei der Reproduktion von geschlechtsspezifischer Gewalt, die erneute Viktimisierung und die Aufrechterhaltung der Straflosigkeit f\u00fcr Gewalt, das Verschwinden und die Ermordung von Frauen und weiblichen K\u00f6rpern.<\/li><li>Wir fordern die Aufnahme von Programmen mit einer Gender-Perspektive f\u00fcr die Institutionen, die f\u00fcr die Untersuchung, Sanktionierung und Wiedergutmachung von Gewaltverbrechen gegen Frauen und feminisierte K\u00f6rper zust\u00e4ndig sind.<\/li><li>Wir fordern einen gendersensiblen Ansatz innerhalb der f\u00fcr die Aufnahme und Bearbeitung von Asylantr\u00e4gen zust\u00e4ndigen Institutionen, der den Schutz von M\u00e4dchen und FLINT*-Personen garantiert und ihre Abschiebung in L\u00e4nder verhindert, in denen sie von Gewalt bedroht sind und in denen ihre Menschenrechte nicht garantiert werden k\u00f6nnen.<\/li><\/ul>\n\n\n\n<h5 class=\"wp-block-heading\">Alle ermordeten Schwestern* in Deutschland und der ganzen Welt (jetzt und f\u00fcr immer)<\/h5>\n\n\n\n<h5 class=\"wp-block-heading\">Keine mehr\/ Ni una menos<\/h5>\n\n\n\n<h5 class=\"wp-block-heading\">Wir wollen uns lebend<\/h5>\n\n\n\n<p><\/p>\n","protected":false},"excerpt":{"rendered":"<p>Texto le\u00eddo en la manifestaci\u00f3n del 25 de Noviembre de 2020, D\u00eda Internacional de lucha contra la violencia hacia las mujeres* En Alemania hay un grave problema de violencia de g\u00e9nero: 115.000 casos de violencia de g\u00e9nero se registraron en el a\u00f1o 2019337 mujeres* fueron asesinadas durante el a\u00f1o 2019 y en lo que va [&hellip;]<\/p>\n","protected":false},"author":181,"featured_media":190,"comment_status":"closed","ping_status":"open","sticky":false,"template":"","format":"standard","meta":{"footnotes":""},"categories":[3,13],"tags":[],"class_list":["post-92","post","type-post","status-publish","format-standard","has-post-thumbnail","hentry","category-25n","category-manifiestos"],"_links":{"self":[{"href":"https:\/\/blogs.sindominio.net\/niunamenosberlin\/wp-json\/wp\/v2\/posts\/92","targetHints":{"allow":["GET"]}}],"collection":[{"href":"https:\/\/blogs.sindominio.net\/niunamenosberlin\/wp-json\/wp\/v2\/posts"}],"about":[{"href":"https:\/\/blogs.sindominio.net\/niunamenosberlin\/wp-json\/wp\/v2\/types\/post"}],"author":[{"embeddable":true,"href":"https:\/\/blogs.sindominio.net\/niunamenosberlin\/wp-json\/wp\/v2\/users\/181"}],"replies":[{"embeddable":true,"href":"https:\/\/blogs.sindominio.net\/niunamenosberlin\/wp-json\/wp\/v2\/comments?post=92"}],"version-history":[{"count":5,"href":"https:\/\/blogs.sindominio.net\/niunamenosberlin\/wp-json\/wp\/v2\/posts\/92\/revisions"}],"predecessor-version":[{"id":189,"href":"https:\/\/blogs.sindominio.net\/niunamenosberlin\/wp-json\/wp\/v2\/posts\/92\/revisions\/189"}],"wp:featuredmedia":[{"embeddable":true,"href":"https:\/\/blogs.sindominio.net\/niunamenosberlin\/wp-json\/wp\/v2\/media\/190"}],"wp:attachment":[{"href":"https:\/\/blogs.sindominio.net\/niunamenosberlin\/wp-json\/wp\/v2\/media?parent=92"}],"wp:term":[{"taxonomy":"category","embeddable":true,"href":"https:\/\/blogs.sindominio.net\/niunamenosberlin\/wp-json\/wp\/v2\/categories?post=92"},{"taxonomy":"post_tag","embeddable":true,"href":"https:\/\/blogs.sindominio.net\/niunamenosberlin\/wp-json\/wp\/v2\/tags?post=92"}],"curies":[{"name":"wp","href":"https:\/\/api.w.org\/{rel}","templated":true}]}}