{"id":237,"date":"2021-03-31T10:07:39","date_gmt":"2021-03-31T10:07:39","guid":{"rendered":"https:\/\/blogs.sindominio.net\/niunamenosberlin\/?p=237"},"modified":"2025-04-22T20:59:57","modified_gmt":"2025-04-22T20:59:57","slug":"de-tilos-verdes-y-violetas-cronica-del-8-m","status":"publish","type":"post","link":"https:\/\/blogs.sindominio.net\/niunamenosberlin\/2021\/03\/de-tilos-verdes-y-violetas-cronica-del-8-m\/","title":{"rendered":"De tilos verdes y violetas &#8211; Cr\u00f3nica del 8M"},"content":{"rendered":"\n<p>Nuestra compa\u00f1era Bel\u00e9n Marinato escribi\u00f3 esta cr\u00f3nica para la revista desbandada, encuentra el link al art\u00edculo original abajo. <\/p>\n\n\n\n<p><em>Texto redactado en lenguaje inclusivo.<\/em><\/p>\n\n\n\n<p class=\"has-text-align-right\"><em><strong>\u2026se siente el temblor<\/strong><\/em><\/p>\n\n\n\n<p class=\"has-text-align-right\"><em><strong>de la tierra enmujerada<\/strong>.<\/em><\/p>\n\n\n\n<p class=\"has-text-align-right\"><em>Agua dorada<\/em>, Noelia Recalde<\/p>\n\n\n\n<p>En la estaci\u00f3n ves a esas primeras caras que, unas horas despu\u00e9s, se habr\u00e1n vuelto conocidas. Por un instante, pasan desapercibides. Pero es s\u00f3lo eso, un instante. A esta altura, es dif\u00edcil pasar desapercibide con un pa\u00f1uelo verde o violeta atado en la mu\u00f1eca, en el bolso, en el cuello. Y donde hay duda, hay purpurina. Les pibes se distribuyen en los vagones, en peque\u00f1os grupos, o soles. Les solitaries no hablan con nadie, pero miran atentes a su alrededor. Y la mirada se detiene cuando de repente te reconoce. \u201cReconocer\u201d es una forma de decir, claro. Porque en realidad nunca se vieron, jam\u00e1s cruzaron ninguna palabra. Pero ese d\u00eda, en ese momento, ah\u00ed est\u00e1n. En la mirada, la curiosidad se torna c\u00f3mplice, y cuando se da cuenta de que vos tambi\u00e9n habl\u00e1s espa\u00f1ol, la complicidad se multiplica por mil. Elle sabe que vos sab\u00e9s que sabe que vos tambi\u00e9n vas a la marcha. El subte para, las puertas se abren. Desde adentro ya se escucha el bullicio. Empieza como un murmullo y crece con cada paso.<\/p>\n\n\n\n<p>Busc\u00e1s los marcadores, las biromes, la frase perfecta. Agarr\u00e1s las tijeras, cort\u00e1s los cartones. Trat\u00e1s de recordar esa caligraf\u00eda que hac\u00edas de adolescente, cuando escribir mensajes y pasarlos bajo el banco eran el pan de cada d\u00eda. La letra se tuerce, los colores no necesariamente combinan, pero la idea persiste. Y ah\u00ed queda, incrustada, indeleble, lista para salir. Como vos.<\/p>\n\n\n\n<p>Afuera, el cielo est\u00e1 completamente descubierto y el sol atraviesa los tilos. En el atuendo hay un sweater de m\u00e1s. Todav\u00eda es temprano, pero el boulevard est\u00e1 repleto. Y la famosa puerta de Brandemburgo, postal infaltable del turista feliz, de repente no es m\u00e1s que un decorado de fondo, casi imperceptible. En foco est\u00e1n los miles de cuerpos que se acercan, coloridos. Son madres, hijes, abuelas, novies, amigues, que se mueven en todas las direcciones. Avanzan, se detienen. Se suman a un grupo, saludan. En tiempos de pandemia, algunos abrazos son t\u00edmidos, y como llevan barbijos, no siempre se les ve la sonrisa. Pero es f\u00e1cil de imaginar, y en muchos casos ni siquiera la imaginaci\u00f3n es necesaria porque les delatan los ojos.<\/p>\n\n\n\n<div class=\"wp-block-image is-style-default\"><figure class=\"aligncenter size-large is-resized\"><img loading=\"lazy\" decoding=\"async\" src=\"https:\/\/blogs.sindominio.net\/niunamenosberlin\/files\/2021\/03\/8M-6-800x533.jpeg\" alt=\"\" class=\"wp-image-240\" width=\"600\" height=\"400\" srcset=\"https:\/\/blogs.sindominio.net\/niunamenosberlin\/files\/2021\/03\/8M-6-800x533.jpeg 800w, https:\/\/blogs.sindominio.net\/niunamenosberlin\/files\/2021\/03\/8M-6-300x200.jpeg 300w, https:\/\/blogs.sindominio.net\/niunamenosberlin\/files\/2021\/03\/8M-6-768x512.jpeg 768w, https:\/\/blogs.sindominio.net\/niunamenosberlin\/files\/2021\/03\/8M-6-1536x1024.jpeg 1536w, https:\/\/blogs.sindominio.net\/niunamenosberlin\/files\/2021\/03\/8M-6-1200x800.jpeg 1200w, https:\/\/blogs.sindominio.net\/niunamenosberlin\/files\/2021\/03\/8M-6-1800x1200.jpeg 1800w, https:\/\/blogs.sindominio.net\/niunamenosberlin\/files\/2021\/03\/8M-6.jpeg 1944w\" sizes=\"auto, (max-width: 600px) 100vw, 600px\" \/><\/figure><\/div>\n\n\n\n<p>El cami\u00f3n que gu\u00eda la marcha espera frente al edificio de la Comisi\u00f3n Europea, rodeado de cinta amarilla y de chalecos naranjas. Les pibes de naranja son les encargades de garantizar la seguridad de todes, les que chequean que no haya actitudes violentas, manifestantes sin barbijo, ni hombres cis. No es la primera vez que se le pide a los hombres cis que no asistan a la marcha, y no ser\u00e1 la \u00faltima que estos se quejen porque se les restringe la participaci\u00f3n. Y se entiende, por supuesto. Es dif\u00edcil perder protagonismo. A muchos \u2013 mujeres inclusive \u2013 todav\u00eda hay que explicarles el por qu\u00e9 de esa decisi\u00f3n. \u201cEs absurdo. Los hombres tambi\u00e9n pueden ser feministas\u201d, se le escucha decir a una piba. Y tiene raz\u00f3n (aunque si por cada vez que alguien afirmara eso \u2013 y esa afirmaci\u00f3n se constatara en hechos -, hace rato habr\u00edamos marcado una rayita m\u00e1s en la lista de derechos). Ahora, lo que esa piba y su acompa\u00f1ante parecen no entender es que el pedido de no participaci\u00f3n en la marcha del 8 de marzo tiene que ver, entre otras cosas, con una cuesti\u00f3n de visibilidad. Se trata de un d\u00eda, uno s\u00f3lo. En los trescientos sesenta y cuatro d\u00edas restantes puede pintarse la cara y portar todas las banderas que quiera. Y si el muchacho siente la incontenible necesidad de hacer manifiesto su feminismo, puede hacerlo desde la comodidad de su hogar. M\u00e1s de una madre-amiga le agradecer\u00e1 el cuidado de sus ni\u00f1es.<\/p>\n\n\n\n<p>Para las 14:00 horas la calle ya est\u00e1 repleta de colectivos e independientes que llenan el cielo con sus banderas y carteles, algunos originales en su forma, todos contundentes en su reclamo. Luego del obligado discurso de seguridad, se larga la primera performance: desde el cami\u00f3n, dos compa\u00f1eras cantan&nbsp;<em>Canci\u00f3n sin miedo<\/em>, el hoy indiscutido himno feminista importado de Latinoam\u00e9rica. \u00c9se que le canta a todes las mujeres, a las que est\u00e1n y a las que no, y grita nombres que para les mexicanes ya se han tornado emblema. Abajo, entre la gente, un grupo baila. La coreograf\u00eda es sencilla, pero conmovedora. No faltan los pu\u00f1os cerrados y en alto, ni las consignas inscriptas en el cuerpo. Una vez terminada la actuaci\u00f3n, se emprende la marcha.<\/p>\n\n\n\n<div class=\"wp-block-image is-style-default\"><figure class=\"aligncenter size-large is-resized\"><img loading=\"lazy\" decoding=\"async\" src=\"https:\/\/blogs.sindominio.net\/niunamenosberlin\/files\/2021\/03\/8M-12.jpeg\" alt=\"\" class=\"wp-image-241\" width=\"399\" height=\"598\" srcset=\"https:\/\/blogs.sindominio.net\/niunamenosberlin\/files\/2021\/03\/8M-12.jpeg 399w, https:\/\/blogs.sindominio.net\/niunamenosberlin\/files\/2021\/03\/8M-12-200x300.jpeg 200w\" sizes=\"auto, (max-width: 399px) 100vw, 399px\" \/><\/figure><\/div>\n\n\n\n<p>El paso es lento, pero constante. Las formas de manifestarse son tan variadas como los grupos presentes. Est\u00e1n les que caminan tranquiles, hablando con les compa\u00f1eres de al lado, y est\u00e1n tambi\u00e9n les que avanzan con sus instrumentos, cantando y bailando. En la ruta hay tres estaciones planeadas: frente al Pergamon Museum, el Humboldt Forum y el F\u00f6rderkreis Deutsches Herr e.V. Del componente colonialista del Pergamon y del Humboldt Forum ya se ha discutido bastante. Quiz\u00e1 el menos conocido sea el F\u00f6rderkreis Deutsches Herr e.V., una organizaci\u00f3n que funciona como foro para \u201ccomunicaci\u00f3n, argumentaci\u00f3n y conciliaci\u00f3n de intereses\u201d de todos aquellos \u201cque se comprometen de forma integral y activa con el ej\u00e9rcito de la Rep\u00fablica Federal Alemana\u201d. Quien guste abrir la p\u00e1gina de la organizaci\u00f3n ver\u00e1 unas agradables im\u00e1genes de tanques de guerra y soldados con ametralladoras.<\/p>\n\n\n\n<p>En cada una de esas paradas se llevan a cabo \u2013\u201coficial\u201d y \u201cextraoficialmente\u201d\u2013 diferentes actuaciones: del \u201cperreo combativo\u201d pasando por las rancheras, los er\u00f3ticos bailes techno-pop de grupos queer a la interpretaci\u00f3n de canciones tradicionales con tarkas y zampo\u00f1as, al vuelo de la whipala. Excepto en un par de momentos puntuales en los que el volumen o el acto programado lo impide, se escuchan, en distintas lenguas, los comunicados de varias agrupaciones, colectivos y comunidades: est\u00e1n, entre muchas otras, les trabajadores sexuales, les latines, les Roma, les vietnamites, las mujeres y disidencias Negras, les libaneses, les kurdes. Hasta las voces de Moria se hacen escuchar, en un audio mandado directamente desde el campo. &nbsp;&nbsp;&nbsp;&nbsp;<\/p>\n\n\n\n<div class=\"wp-block-image is-style-default\"><figure class=\"aligncenter size-large is-resized\"><img loading=\"lazy\" decoding=\"async\" src=\"https:\/\/blogs.sindominio.net\/niunamenosberlin\/files\/2021\/03\/8M-8-800x533.jpeg\" alt=\"\" class=\"wp-image-242\" width=\"600\" height=\"400\" srcset=\"https:\/\/blogs.sindominio.net\/niunamenosberlin\/files\/2021\/03\/8M-8-800x533.jpeg 800w, https:\/\/blogs.sindominio.net\/niunamenosberlin\/files\/2021\/03\/8M-8-300x200.jpeg 300w, https:\/\/blogs.sindominio.net\/niunamenosberlin\/files\/2021\/03\/8M-8-768x512.jpeg 768w, https:\/\/blogs.sindominio.net\/niunamenosberlin\/files\/2021\/03\/8M-8-1536x1024.jpeg 1536w, https:\/\/blogs.sindominio.net\/niunamenosberlin\/files\/2021\/03\/8M-8-1200x800.jpeg 1200w, https:\/\/blogs.sindominio.net\/niunamenosberlin\/files\/2021\/03\/8M-8-1800x1200.jpeg 1800w, https:\/\/blogs.sindominio.net\/niunamenosberlin\/files\/2021\/03\/8M-8.jpeg 1920w\" sizes=\"auto, (max-width: 600px) 100vw, 600px\" \/><\/figure><\/div>\n\n\n\n<p>Si bien es un d\u00eda de lucha, el clima general es de fiesta. Les \u00bfdiez mil? manifestantes circulan en calma, y en todo momento se percibe un trato de cuidado y respeto. Cuidado mutuo era, como suele ocurrir, una de las consignas centrales de la marcha. \u00c9ste deb\u00eda entenderse en t\u00e9rminos sanitarios \u2013porque la pandemia ah\u00ed sigue, inc\u00f3lume\u2013 pero tambi\u00e9n en t\u00e9rminos generales. Porque nunca se sabe.<\/p>\n\n\n\n<p>Son las 18:15 horas, y la manifestaci\u00f3n est\u00e1 llegando a su fin. De repente, un movimiento veloz de unes poques manifestantes alerta a la polic\u00eda, que en cuesti\u00f3n de segundos se amontona y trae todos sus refuerzos. Son r\u00e1pidos les muchaches, cuando quieren. L\u00e1stima que cuando quieren es cuando menos se les necesita. La polic\u00eda se ordena con velocidad, pero los chalecos naranjas tambi\u00e9n. Un grito alcanza para que se arme una fila humana, brazo con brazo, que deber\u00eda actuar de barrera entre las fuerzas de \u00bfseguridad? y les manifestantes. Los polic\u00edas avanzan, la fila retrocede. El l\u00edmite es el cord\u00f3n de la vereda. De fondo, se escuchan por los parlantes las recomendaciones a tener en cuenta en caso de maltrato policial. De frente, unas seis o siete camionetas bloquean el F\u00f6rderkreis Deutsches Herr e.V. Son las 18:30. La l\u00ednea policial no se desarma. La l\u00ednea naranja tampoco. Entre unes y otres se acortan las distancias, cuando la polic\u00eda se acerca, todav\u00eda con los cascos puestos, a comunicar que el horario oficialmente permitido para la movilizaci\u00f3n ha concluido y que les presentes deben dispersarse. Y as\u00ed lo hacen, as\u00ed lo hac\u00e9s vos. En cuesti\u00f3n de minutos el lugar queda liberado. En el mientras tanto vuelve a corroborarse que a veces un \u00fanico grito alcanza para reunir la manada, y que, al final del d\u00eda, nos cuidamos entre nosotres.<\/p>\n\n\n\n<div class=\"wp-block-image is-style-default\"><figure class=\"aligncenter size-large is-resized\"><img loading=\"lazy\" decoding=\"async\" src=\"https:\/\/blogs.sindominio.net\/niunamenosberlin\/files\/2021\/03\/8M-13-800x533.jpeg\" alt=\"\" class=\"wp-image-243\" width=\"600\" height=\"400\" srcset=\"https:\/\/blogs.sindominio.net\/niunamenosberlin\/files\/2021\/03\/8M-13-800x533.jpeg 800w, https:\/\/blogs.sindominio.net\/niunamenosberlin\/files\/2021\/03\/8M-13-300x200.jpeg 300w, https:\/\/blogs.sindominio.net\/niunamenosberlin\/files\/2021\/03\/8M-13-768x512.jpeg 768w, https:\/\/blogs.sindominio.net\/niunamenosberlin\/files\/2021\/03\/8M-13.jpeg 1024w\" sizes=\"auto, (max-width: 600px) 100vw, 600px\" \/><\/figure><\/div>\n\n\n\n<p>En el subte, volv\u00e9s a cruzar a varias de esas caras que viste durante el camino de ida y la caminata. De nuevo, hay cruces de mirada. Elle sabe que vos sab\u00e9s que sabe que vos tambi\u00e9n estuviste ah\u00ed.<\/p>\n\n\n\n<p>As\u00ed se va otro 8 de marzo, dejando ganas de m\u00e1s. Ojal\u00e1 en el 2022 traiga menos nombres de muertes en los carteles y una rayita m\u00e1s en la lista de derechos ganados.<\/p>\n\n\n\n<div class=\"wp-block-image is-style-default\"><figure class=\"aligncenter size-large is-resized\"><img decoding=\"async\" src=\"https:\/\/blogs.sindominio.net\/niunamenosberlin\/files\/2021\/03\/8M-14-edited.jpeg\" alt=\"\" class=\"wp-image-246\" width=\"401\" srcset=\"https:\/\/blogs.sindominio.net\/niunamenosberlin\/files\/2021\/03\/8M-14-edited.jpeg 682w, https:\/\/blogs.sindominio.net\/niunamenosberlin\/files\/2021\/03\/8M-14-edited-200x300.jpeg 200w, https:\/\/blogs.sindominio.net\/niunamenosberlin\/files\/2021\/03\/8M-14-edited-533x800.jpeg 533w\" sizes=\"(max-width: 682px) 100vw, 682px\" \/><\/figure><\/div>\n\n\n\n<p>Todas las fotograf\u00edas, incluyendo portada:\u00a9Bel\u00e9n Marinato<\/p>\n\n\n\n<p>Link al art\u00edculo original:<a href=\"https:\/\/revistadesbandada.com\/2021\/03\/11\/de-tilos-verdes-y-violetas\/?fbclid=IwAR2-uzDhWoSsyBKxvPjimE_LycrefpF-zjXbrj_hFu1Qrg2inAGjxstyfmQ\"> https:\/\/revistadesbandada.com\/2021\/03\/11\/de-tilos-verdes-y-violetas\/?fbclid=IwAR2-uzDhWoSsyBKxvPjimE_LycrefpF-zjXbrj_hFu1Qrg2inAGjxstyfmQ <\/a><\/p>\n\n\n\n<p><\/p>\n","protected":false},"excerpt":{"rendered":"<p>Nuestra compa\u00f1era Bel\u00e9n Marinato escribi\u00f3 esta cr\u00f3nica para la revista desbandada, encuentra el link al art\u00edculo original abajo. Texto redactado en lenguaje inclusivo. \u2026se siente el temblor de la tierra enmujerada. Agua dorada, Noelia Recalde En la estaci\u00f3n ves a esas primeras caras que, unas horas despu\u00e9s, se habr\u00e1n vuelto conocidas. Por un instante, pasan [&hellip;]<\/p>\n","protected":false},"author":215,"featured_media":239,"comment_status":"closed","ping_status":"open","sticky":false,"template":"","format":"standard","meta":{"footnotes":""},"categories":[2,6,7,4,8],"tags":[],"class_list":["post-237","post","type-post","status-publish","format-standard","has-post-thumbnail","hentry","category-8m","category-aborto","category-acciones","category-feminizid","category-huelga-feminista"],"_links":{"self":[{"href":"https:\/\/blogs.sindominio.net\/niunamenosberlin\/wp-json\/wp\/v2\/posts\/237","targetHints":{"allow":["GET"]}}],"collection":[{"href":"https:\/\/blogs.sindominio.net\/niunamenosberlin\/wp-json\/wp\/v2\/posts"}],"about":[{"href":"https:\/\/blogs.sindominio.net\/niunamenosberlin\/wp-json\/wp\/v2\/types\/post"}],"author":[{"embeddable":true,"href":"https:\/\/blogs.sindominio.net\/niunamenosberlin\/wp-json\/wp\/v2\/users\/215"}],"replies":[{"embeddable":true,"href":"https:\/\/blogs.sindominio.net\/niunamenosberlin\/wp-json\/wp\/v2\/comments?post=237"}],"version-history":[{"count":4,"href":"https:\/\/blogs.sindominio.net\/niunamenosberlin\/wp-json\/wp\/v2\/posts\/237\/revisions"}],"predecessor-version":[{"id":399,"href":"https:\/\/blogs.sindominio.net\/niunamenosberlin\/wp-json\/wp\/v2\/posts\/237\/revisions\/399"}],"wp:featuredmedia":[{"embeddable":true,"href":"https:\/\/blogs.sindominio.net\/niunamenosberlin\/wp-json\/wp\/v2\/media\/239"}],"wp:attachment":[{"href":"https:\/\/blogs.sindominio.net\/niunamenosberlin\/wp-json\/wp\/v2\/media?parent=237"}],"wp:term":[{"taxonomy":"category","embeddable":true,"href":"https:\/\/blogs.sindominio.net\/niunamenosberlin\/wp-json\/wp\/v2\/categories?post=237"},{"taxonomy":"post_tag","embeddable":true,"href":"https:\/\/blogs.sindominio.net\/niunamenosberlin\/wp-json\/wp\/v2\/tags?post=237"}],"curies":[{"name":"wp","href":"https:\/\/api.w.org\/{rel}","templated":true}]}}