{"id":7488,"date":"2021-01-27T12:23:53","date_gmt":"2021-01-27T12:23:53","guid":{"rendered":"https:\/\/lacinetika.wordpress.com\/?p=7488"},"modified":"2021-01-27T12:23:53","modified_gmt":"2021-01-27T12:23:53","slug":"cinema-divendres-29-1-ofrenda-a-la-tormenta","status":"publish","type":"post","link":"https:\/\/blogs.sindominio.net\/lacinetika\/2021\/01\/27\/cinema-divendres-29-1-ofrenda-a-la-tormenta\/","title":{"rendered":"Cinema divendres 29\/1 : Ofrenda a la Tormenta"},"content":{"rendered":"\n<p>Ha passat ja un temps des que la inspectora Amaia Salazar es va enfrontar a la seva mare. Per\u00f2 tot i que tant la Gu\u00e0rdia Civil com el jutge Markina donen per tancat el cas, Amaia sent que no est\u00e0 lliure de perill. La mort sobtada d&#8217;una nena en Elizondo resulta sospitosa i les an\u00e0lisis forenses porten a Amaia a investigar altres morts d&#8217;origen similar que conduiran a la inspectora a la resoluci\u00f3 final dels successos que han assolat la vall de Bazt\u00e1n. Tercer lliurament de la &#8216;Trilogia de l&#8217;Bazt\u00e1n&#8217;, basada en les novel\u00b7les de Dolores Redondo.<\/p>\n\n\n\n<figure class=\"wp-block-image size-large\"><img loading=\"lazy\" decoding=\"async\" width=\"400\" height=\"566\" src=\"https:\/\/blogs.sindominio.net\/cinetika\/files\/2021\/01\/29_opt.png?w=400\" alt=\"\" class=\"wp-image-7490\" srcset=\"https:\/\/blogs.sindominio.net\/lacinetika\/files\/2021\/01\/29_opt.png 400w, https:\/\/blogs.sindominio.net\/lacinetika\/files\/2021\/01\/29_opt-212x300.png 212w\" sizes=\"auto, (max-width: 400px) 100vw, 400px\" \/><\/figure>\n\n\n\n<figure class=\"wp-block-embed is-type-rich is-provider-youtube wp-block-embed-youtube wp-embed-aspect-16-9 wp-has-aspect-ratio\"><div class=\"wp-block-embed__wrapper\">\n<iframe loading=\"lazy\" title=\"Ofrenda a la tormenta - TR\u00c1ILER OFICIAL\" width=\"500\" height=\"281\" src=\"https:\/\/www.youtube.com\/embed\/JhA-G-m2Hww?feature=oembed\" frameborder=\"0\" allow=\"accelerometer; autoplay; clipboard-write; encrypted-media; gyroscope; picture-in-picture; web-share\" referrerpolicy=\"strict-origin-when-cross-origin\" allowfullscreen><\/iframe>\n<\/div><\/figure>\n","protected":false},"excerpt":{"rendered":"<div class=\"mh-excerpt\"><p>Ha passat ja un temps des que la inspectora Amaia Salazar es va enfrontar a la seva mare. Per\u00f2 tot i que tant la Gu\u00e0rdia Civil com el jutge Markina donen per tancat el cas, Amaia sent que no est\u00e0 lliure de perill. La mort sobtada d&#8217;una nena en Elizondo <a class=\"mh-excerpt-more\" href=\"https:\/\/blogs.sindominio.net\/lacinetika\/2021\/01\/27\/cinema-divendres-29-1-ofrenda-a-la-tormenta\/\" title=\"Cinema divendres 29\/1 : Ofrenda a la Tormenta\">[&#8230;]<\/a><\/p>\n<\/div>","protected":false},"author":261,"featured_media":7490,"comment_status":"open","ping_status":"open","sticky":false,"template":"","format":"standard","meta":{"_jetpack_memberships_contains_paid_content":false,"footnotes":""},"categories":[1],"tags":[],"class_list":["post-7488","post","type-post","status-publish","format-standard","has-post-thumbnail","hentry","category-sin-categoria"],"jetpack_featured_media_url":"https:\/\/blogs.sindominio.net\/lacinetika\/files\/2021\/01\/29_opt.png","jetpack_sharing_enabled":true,"_links":{"self":[{"href":"https:\/\/blogs.sindominio.net\/lacinetika\/wp-json\/wp\/v2\/posts\/7488","targetHints":{"allow":["GET"]}}],"collection":[{"href":"https:\/\/blogs.sindominio.net\/lacinetika\/wp-json\/wp\/v2\/posts"}],"about":[{"href":"https:\/\/blogs.sindominio.net\/lacinetika\/wp-json\/wp\/v2\/types\/post"}],"author":[{"embeddable":true,"href":"https:\/\/blogs.sindominio.net\/lacinetika\/wp-json\/wp\/v2\/users\/261"}],"replies":[{"embeddable":true,"href":"https:\/\/blogs.sindominio.net\/lacinetika\/wp-json\/wp\/v2\/comments?post=7488"}],"version-history":[{"count":0,"href":"https:\/\/blogs.sindominio.net\/lacinetika\/wp-json\/wp\/v2\/posts\/7488\/revisions"}],"wp:featuredmedia":[{"embeddable":true,"href":"https:\/\/blogs.sindominio.net\/lacinetika\/wp-json\/wp\/v2\/media\/7490"}],"wp:attachment":[{"href":"https:\/\/blogs.sindominio.net\/lacinetika\/wp-json\/wp\/v2\/media?parent=7488"}],"wp:term":[{"taxonomy":"category","embeddable":true,"href":"https:\/\/blogs.sindominio.net\/lacinetika\/wp-json\/wp\/v2\/categories?post=7488"},{"taxonomy":"post_tag","embeddable":true,"href":"https:\/\/blogs.sindominio.net\/lacinetika\/wp-json\/wp\/v2\/tags?post=7488"}],"curies":[{"name":"wp","href":"https:\/\/api.w.org\/{rel}","templated":true}]}}