{"id":4097,"date":"2018-09-26T07:15:20","date_gmt":"2018-09-26T07:15:20","guid":{"rendered":"https:\/\/lacinetika.wordpress.com\/?p=4097"},"modified":"2018-09-26T07:15:20","modified_gmt":"2018-09-26T07:15:20","slug":"27-09-18-cinema-ressources-humaines","status":"publish","type":"post","link":"https:\/\/blogs.sindominio.net\/lacinetika\/2018\/09\/26\/27-09-18-cinema-ressources-humaines\/","title":{"rendered":"27\/09\/18 Cinema: \u00abRessources humaines\u00bb"},"content":{"rendered":"<h3>Dijous 27 de setembre a les 20h projectem l&#8217;\u00f2pera prima de Laurent Cantet <em><strong>Ressources Humaines<\/strong><\/em> (1999). Un film amb majoria d&#8217;actors no professionals que s&#8217;endinsa als conflictes de classe al mon laboral. Versi\u00f3 original subtitulada. Entrada lliure.<\/h3>\n<p>En Franck, d&#8217;origen obrer, torna a la seva ciutat natal per treballar al departament de recursos humans de la mateixa f\u00e0brica en que son pare ha treballat durant 30 anys. Sembla haver pujat un esgla\u00f3 a l&#8217;escala social i fam\u00edlia i amics el reben amb orgull. Les coses no s\u00f3n tan senzilles, per\u00f2, i aviat sorgiran els conflictes i contradiccions que el capitalisme alimenta.<\/p>\n<p><img loading=\"lazy\" decoding=\"async\" class=\"alignnone size-full wp-image-4098\" src=\"https:\/\/blogs.sindominio.net\/cinetika\/files\/2018\/09\/ressources-color.jpg\" alt=\"ressources color\" width=\"794\" height=\"1123\" srcset=\"https:\/\/blogs.sindominio.net\/lacinetika\/files\/2018\/09\/ressources-color.jpg 794w, https:\/\/blogs.sindominio.net\/lacinetika\/files\/2018\/09\/ressources-color-212x300.jpg 212w, https:\/\/blogs.sindominio.net\/lacinetika\/files\/2018\/09\/ressources-color-724x1024.jpg 724w, https:\/\/blogs.sindominio.net\/lacinetika\/files\/2018\/09\/ressources-color-768x1086.jpg 768w\" sizes=\"auto, (max-width: 794px) 100vw, 794px\" \/><\/p>\n","protected":false},"excerpt":{"rendered":"<div class=\"mh-excerpt\"><p>Dijous 27 de setembre a les 20h projectem l&#8217;\u00f2pera prima de Laurent Cantet Ressources Humaines (1999). Un film amb majoria d&#8217;actors no professionals que s&#8217;endinsa als conflictes de classe al mon laboral. Versi\u00f3 original subtitulada. Entrada lliure. En Franck, d&#8217;origen obrer, torna a la seva ciutat natal per treballar al <a class=\"mh-excerpt-more\" href=\"https:\/\/blogs.sindominio.net\/lacinetika\/2018\/09\/26\/27-09-18-cinema-ressources-humaines\/\" title=\"27\/09\/18 Cinema: \u00abRessources humaines\u00bb\">[&#8230;]<\/a><\/p>\n<\/div>","protected":false},"author":261,"featured_media":0,"comment_status":"open","ping_status":"open","sticky":false,"template":"","format":"standard","meta":{"_jetpack_memberships_contains_paid_content":false,"footnotes":""},"categories":[1],"tags":[],"class_list":["post-4097","post","type-post","status-publish","format-standard","hentry","category-sin-categoria"],"jetpack_featured_media_url":"","jetpack_sharing_enabled":true,"_links":{"self":[{"href":"https:\/\/blogs.sindominio.net\/lacinetika\/wp-json\/wp\/v2\/posts\/4097","targetHints":{"allow":["GET"]}}],"collection":[{"href":"https:\/\/blogs.sindominio.net\/lacinetika\/wp-json\/wp\/v2\/posts"}],"about":[{"href":"https:\/\/blogs.sindominio.net\/lacinetika\/wp-json\/wp\/v2\/types\/post"}],"author":[{"embeddable":true,"href":"https:\/\/blogs.sindominio.net\/lacinetika\/wp-json\/wp\/v2\/users\/261"}],"replies":[{"embeddable":true,"href":"https:\/\/blogs.sindominio.net\/lacinetika\/wp-json\/wp\/v2\/comments?post=4097"}],"version-history":[{"count":0,"href":"https:\/\/blogs.sindominio.net\/lacinetika\/wp-json\/wp\/v2\/posts\/4097\/revisions"}],"wp:attachment":[{"href":"https:\/\/blogs.sindominio.net\/lacinetika\/wp-json\/wp\/v2\/media?parent=4097"}],"wp:term":[{"taxonomy":"category","embeddable":true,"href":"https:\/\/blogs.sindominio.net\/lacinetika\/wp-json\/wp\/v2\/categories?post=4097"},{"taxonomy":"post_tag","embeddable":true,"href":"https:\/\/blogs.sindominio.net\/lacinetika\/wp-json\/wp\/v2\/tags?post=4097"}],"curies":[{"name":"wp","href":"https:\/\/api.w.org\/{rel}","templated":true}]}}