{"id":29937,"date":"2026-09-02T11:00:00","date_gmt":"2026-09-02T09:00:00","guid":{"rendered":"https:\/\/blogs.sindominio.net\/lacinetika\/?p=29937"},"modified":"2026-09-05T10:49:09","modified_gmt":"2026-09-05T08:49:09","slug":"4-09-26-cinema-divendres-projectara-spider-man-dir-sam-rami-vose-2002","status":"publish","type":"post","link":"https:\/\/blogs.sindominio.net\/lacinetika\/2026\/09\/02\/4-09-26-cinema-divendres-projectara-spider-man-dir-sam-rami-vose-2002\/","title":{"rendered":"4\/09\/26 Cinema Divendres projectar\u00e0 Spider-Man, Dir. Sam Rami, VOSE (2002)"},"content":{"rendered":"\n<figure class=\"wp-block-image size-large\"><img loading=\"lazy\" decoding=\"async\" width=\"768\" height=\"1024\" src=\"https:\/\/blogs.sindominio.net\/lacinetika\/files\/2026\/09\/Picsart_26-09-02_21-34-08-104-768x1024.jpg\" alt=\"\" class=\"wp-image-29933\" srcset=\"https:\/\/blogs.sindominio.net\/lacinetika\/files\/2026\/09\/Picsart_26-09-02_21-34-08-104-768x1024.jpg 768w, https:\/\/blogs.sindominio.net\/lacinetika\/files\/2026\/09\/Picsart_26-09-02_21-34-08-104-225x300.jpg 225w, https:\/\/blogs.sindominio.net\/lacinetika\/files\/2026\/09\/Picsart_26-09-02_21-34-08-104-1152x1536.jpg 1152w, https:\/\/blogs.sindominio.net\/lacinetika\/files\/2026\/09\/Picsart_26-09-02_21-34-08-104-1536x2048.jpg 1536w, https:\/\/blogs.sindominio.net\/lacinetika\/files\/2026\/09\/Picsart_26-09-02_21-34-08-104-scaled.jpg 1920w\" sizes=\"auto, (max-width: 768px) 100vw, 768px\" \/><\/figure>\n\n\n\n<p class=\"wp-block-paragraph\"><strong>4\/09\/2026, 19:30h \u2013 SALA 10 \u2013 Spider-Man, 2002, 121 min. EUA, Sam Raimi, VOSE<\/strong><\/p>\n\n\n\n<p class=\"wp-block-paragraph\"><strong>Sinospi:<\/strong><br>Primera pel\u00b7l\u00edcula de la Saga Spider-Man! Despr\u00e9s de la mort dels seus pares, Peter Parker, un t\u00edmid estudiant, viu amb la seva tia May i el seu oncle Ben. Precisament a causa del seu retra\u00efment no \u00e9s un noi molt popular en l\u2019institut. Un dia li mossega una aranya que ha estat modificada gen\u00e8ticament; al mat\u00ed seg\u00fcent, descobreix estupefacte que posseeix la for\u00e7a i l\u2019agilitat d\u2019aquest insecte. Les aventures de l\u2019home aranya es basen en el fam\u00f3s c\u00f2mic de Stan Lee i Steve Ditko.<\/p>\n","protected":false},"excerpt":{"rendered":"<div class=\"mh-excerpt\"><p>4\/09\/2026, 19:30h \u2013 SALA 10 \u2013 Spider-Man, 2002, 121 min. EUA, Sam Raimi, VOSE Sinospi:Primera pel\u00b7l\u00edcula de la Saga Spider-Man! Despr\u00e9s de la mort dels seus pares, Peter Parker, un t\u00edmid estudiant, viu amb la seva tia May i el seu oncle Ben. Precisament a causa del seu retra\u00efment no <a class=\"mh-excerpt-more\" href=\"https:\/\/blogs.sindominio.net\/lacinetika\/2026\/09\/02\/4-09-26-cinema-divendres-projectara-spider-man-dir-sam-rami-vose-2002\/\" title=\"4\/09\/26 Cinema Divendres projectar\u00e0 Spider-Man, Dir. Sam Rami, VOSE (2002)\">[&#8230;]<\/a><\/p>\n<\/div>","protected":false},"author":261,"featured_media":29933,"comment_status":"closed","ping_status":"closed","sticky":false,"template":"","format":"standard","meta":{"_jetpack_newsletter_access":"","_jetpack_dont_email_post_to_subs":false,"_jetpack_newsletter_tier_id":0,"_jetpack_memberships_contains_paywalled_content":false,"_jetpack_memberships_contains_paid_content":false,"footnotes":""},"categories":[4],"tags":[],"class_list":["post-29937","post","type-post","status-publish","format-standard","has-post-thumbnail","hentry","category-projectes"],"jetpack_sharing_enabled":true,"jetpack_featured_media_url":"https:\/\/blogs.sindominio.net\/lacinetika\/files\/2026\/09\/Picsart_26-09-02_21-34-08-104-scaled.jpg","_links":{"self":[{"href":"https:\/\/blogs.sindominio.net\/lacinetika\/wp-json\/wp\/v2\/posts\/29937","targetHints":{"allow":["GET"]}}],"collection":[{"href":"https:\/\/blogs.sindominio.net\/lacinetika\/wp-json\/wp\/v2\/posts"}],"about":[{"href":"https:\/\/blogs.sindominio.net\/lacinetika\/wp-json\/wp\/v2\/types\/post"}],"author":[{"embeddable":true,"href":"https:\/\/blogs.sindominio.net\/lacinetika\/wp-json\/wp\/v2\/users\/261"}],"replies":[{"embeddable":true,"href":"https:\/\/blogs.sindominio.net\/lacinetika\/wp-json\/wp\/v2\/comments?post=29937"}],"version-history":[{"count":1,"href":"https:\/\/blogs.sindominio.net\/lacinetika\/wp-json\/wp\/v2\/posts\/29937\/revisions"}],"predecessor-version":[{"id":29938,"href":"https:\/\/blogs.sindominio.net\/lacinetika\/wp-json\/wp\/v2\/posts\/29937\/revisions\/29938"}],"wp:featuredmedia":[{"embeddable":true,"href":"https:\/\/blogs.sindominio.net\/lacinetika\/wp-json\/wp\/v2\/media\/29933"}],"wp:attachment":[{"href":"https:\/\/blogs.sindominio.net\/lacinetika\/wp-json\/wp\/v2\/media?parent=29937"}],"wp:term":[{"taxonomy":"category","embeddable":true,"href":"https:\/\/blogs.sindominio.net\/lacinetika\/wp-json\/wp\/v2\/categories?post=29937"},{"taxonomy":"post_tag","embeddable":true,"href":"https:\/\/blogs.sindominio.net\/lacinetika\/wp-json\/wp\/v2\/tags?post=29937"}],"curies":[{"name":"wp","href":"https:\/\/api.w.org\/{rel}","templated":true}]}}