{"id":29932,"date":"2026-09-04T15:13:05","date_gmt":"2026-09-04T13:13:05","guid":{"rendered":"https:\/\/blogs.sindominio.net\/lacinetika\/?p=29932"},"modified":"2026-09-04T15:13:07","modified_gmt":"2026-09-04T13:13:07","slug":"aixo-es-avui-04-09-26-1930h-cinema-divendres-projecta-spider-man-2002-vose","status":"publish","type":"post","link":"https:\/\/blogs.sindominio.net\/lacinetika\/2026\/09\/04\/aixo-es-avui-04-09-26-1930h-cinema-divendres-projecta-spider-man-2002-vose\/","title":{"rendered":"aix\u00f2 \u00e9s avui: 04\/09\/26, 19:30h &#8211; Cinema Divendres projecta Spider-Man (2002) vose"},"content":{"rendered":"\n<p class=\"wp-block-paragraph\">04\/09\/2026, 19:30h &#8211; SALA 10 &#8211; Spider-Man, 2002, 121 min. EUA, Sam Raimi, VOSE<\/p>\n\n\n\n<p class=\"wp-block-paragraph\">Primera pel\u00b7l\u00edcula de la Saga Spider-Man! Despr\u00e9s de la mort dels seus pares, Peter Parker, un t\u00edmid estudiant, viu amb la seva tia May i el seu oncle Ben. Precisament a causa del seu retra\u00efment no \u00e9s un noi molt popular en l&#8217;institut. Un dia li mossega una aranya que ha estat modificada gen\u00e8ticament; al mat\u00ed seg\u00fcent, descobreix estupefacte que posseeix la for\u00e7a i l&#8217;agilitat d&#8217;aquest insecte. Les aventures de l&#8217;home aranya es basen en el fam\u00f3s c\u00f2mic de Stan Lee i Steve Ditko.<\/p>\n\n\n\n<figure class=\"wp-block-image size-large\"><img loading=\"lazy\" decoding=\"async\" width=\"768\" height=\"1024\" src=\"https:\/\/blogs.sindominio.net\/lacinetika\/files\/2026\/09\/Picsart_26-09-02_21-34-08-104-768x1024.jpg\" alt=\"\" class=\"wp-image-29933\" srcset=\"https:\/\/blogs.sindominio.net\/lacinetika\/files\/2026\/09\/Picsart_26-09-02_21-34-08-104-768x1024.jpg 768w, https:\/\/blogs.sindominio.net\/lacinetika\/files\/2026\/09\/Picsart_26-09-02_21-34-08-104-225x300.jpg 225w, https:\/\/blogs.sindominio.net\/lacinetika\/files\/2026\/09\/Picsart_26-09-02_21-34-08-104-1152x1536.jpg 1152w, https:\/\/blogs.sindominio.net\/lacinetika\/files\/2026\/09\/Picsart_26-09-02_21-34-08-104-1536x2048.jpg 1536w, https:\/\/blogs.sindominio.net\/lacinetika\/files\/2026\/09\/Picsart_26-09-02_21-34-08-104-scaled.jpg 1920w\" sizes=\"auto, (max-width: 768px) 100vw, 768px\" \/><\/figure>\n\n\n\n<figure class=\"wp-block-embed is-type-video is-provider-youtube wp-block-embed-youtube wp-embed-aspect-4-3 wp-has-aspect-ratio\"><div class=\"wp-block-embed__wrapper\">\n<iframe loading=\"lazy\" title=\"&quot;Spider-Man (2002) Trailer 1 Oficial Sub Espa\u00f1ol&quot;\" width=\"500\" height=\"375\" src=\"https:\/\/www.youtube.com\/embed\/DTnLdd84ZyU?feature=oembed\" frameborder=\"0\" allow=\"accelerometer; autoplay; clipboard-write; encrypted-media; gyroscope; picture-in-picture; web-share\" referrerpolicy=\"strict-origin-when-cross-origin\" allowfullscreen><\/iframe>\n<\/div><\/figure>\n","protected":false},"excerpt":{"rendered":"<div class=\"mh-excerpt\"><p>04\/09\/2026, 19:30h &#8211; SALA 10 &#8211; Spider-Man, 2002, 121 min. EUA, Sam Raimi, VOSE Primera pel\u00b7l\u00edcula de la Saga Spider-Man! Despr\u00e9s de la mort dels seus pares, Peter Parker, un t\u00edmid estudiant, viu amb la seva tia May i el seu oncle Ben. Precisament a causa del seu retra\u00efment no <a class=\"mh-excerpt-more\" href=\"https:\/\/blogs.sindominio.net\/lacinetika\/2026\/09\/04\/aixo-es-avui-04-09-26-1930h-cinema-divendres-projecta-spider-man-2002-vose\/\" title=\"aix\u00f2 \u00e9s avui: 04\/09\/26, 19:30h &#8211; Cinema Divendres projecta Spider-Man (2002) vose\">[&#8230;]<\/a><\/p>\n<\/div>","protected":false},"author":261,"featured_media":29933,"comment_status":"closed","ping_status":"closed","sticky":false,"template":"","format":"standard","meta":{"_jetpack_newsletter_access":"","_jetpack_dont_email_post_to_subs":false,"_jetpack_newsletter_tier_id":0,"_jetpack_memberships_contains_paywalled_content":false,"_jetpack_memberships_contains_paid_content":false,"footnotes":""},"categories":[4],"tags":[],"class_list":["post-29932","post","type-post","status-publish","format-standard","has-post-thumbnail","hentry","category-projectes"],"jetpack_sharing_enabled":true,"jetpack_featured_media_url":"https:\/\/blogs.sindominio.net\/lacinetika\/files\/2026\/09\/Picsart_26-09-02_21-34-08-104-scaled.jpg","_links":{"self":[{"href":"https:\/\/blogs.sindominio.net\/lacinetika\/wp-json\/wp\/v2\/posts\/29932","targetHints":{"allow":["GET"]}}],"collection":[{"href":"https:\/\/blogs.sindominio.net\/lacinetika\/wp-json\/wp\/v2\/posts"}],"about":[{"href":"https:\/\/blogs.sindominio.net\/lacinetika\/wp-json\/wp\/v2\/types\/post"}],"author":[{"embeddable":true,"href":"https:\/\/blogs.sindominio.net\/lacinetika\/wp-json\/wp\/v2\/users\/261"}],"replies":[{"embeddable":true,"href":"https:\/\/blogs.sindominio.net\/lacinetika\/wp-json\/wp\/v2\/comments?post=29932"}],"version-history":[{"count":1,"href":"https:\/\/blogs.sindominio.net\/lacinetika\/wp-json\/wp\/v2\/posts\/29932\/revisions"}],"predecessor-version":[{"id":29934,"href":"https:\/\/blogs.sindominio.net\/lacinetika\/wp-json\/wp\/v2\/posts\/29932\/revisions\/29934"}],"wp:featuredmedia":[{"embeddable":true,"href":"https:\/\/blogs.sindominio.net\/lacinetika\/wp-json\/wp\/v2\/media\/29933"}],"wp:attachment":[{"href":"https:\/\/blogs.sindominio.net\/lacinetika\/wp-json\/wp\/v2\/media?parent=29932"}],"wp:term":[{"taxonomy":"category","embeddable":true,"href":"https:\/\/blogs.sindominio.net\/lacinetika\/wp-json\/wp\/v2\/categories?post=29932"},{"taxonomy":"post_tag","embeddable":true,"href":"https:\/\/blogs.sindominio.net\/lacinetika\/wp-json\/wp\/v2\/tags?post=29932"}],"curies":[{"name":"wp","href":"https:\/\/api.w.org\/{rel}","templated":true}]}}