{"id":29929,"date":"2026-09-02T15:00:00","date_gmt":"2026-09-02T13:00:00","guid":{"rendered":"https:\/\/blogs.sindominio.net\/lacinetika\/?p=29929"},"modified":"2026-09-03T11:08:40","modified_gmt":"2026-09-03T09:08:40","slug":"aixo-es-avui-2-09-26-manifestacio-a-bcn-cap-persona-es-il-legal","status":"publish","type":"post","link":"https:\/\/blogs.sindominio.net\/lacinetika\/2026\/09\/02\/aixo-es-avui-2-09-26-manifestacio-a-bcn-cap-persona-es-il-legal\/","title":{"rendered":"Aix\u00f2 \u00e9s avui: 2\/09\/26 Manifestaci\u00f3 a Bcn Cap persona \u00e9s il.legal"},"content":{"rendered":"\n<figure class=\"wp-block-image size-large\"><img loading=\"lazy\" decoding=\"async\" width=\"819\" height=\"1024\" src=\"https:\/\/blogs.sindominio.net\/lacinetika\/files\/2026\/09\/photo_2026-09-01_10-25-39-819x1024.jpg\" alt=\"\" class=\"wp-image-29921\" srcset=\"https:\/\/blogs.sindominio.net\/lacinetika\/files\/2026\/09\/photo_2026-09-01_10-25-39-819x1024.jpg 819w, https:\/\/blogs.sindominio.net\/lacinetika\/files\/2026\/09\/photo_2026-09-01_10-25-39-240x300.jpg 240w, https:\/\/blogs.sindominio.net\/lacinetika\/files\/2026\/09\/photo_2026-09-01_10-25-39-768x960.jpg 768w, https:\/\/blogs.sindominio.net\/lacinetika\/files\/2026\/09\/photo_2026-09-01_10-25-39-1229x1536.jpg 1229w, https:\/\/blogs.sindominio.net\/lacinetika\/files\/2026\/09\/photo_2026-09-01_10-25-39.jpg 1536w\" sizes=\"auto, (max-width: 819px) 100vw, 819px\" \/><\/figure>\n\n\n\n<p class=\"wp-block-paragraph\">Companyes, comencem un inici de curs calent.<br>La crisi de Ceuta est\u00e0 sent aprofitada per l\u2019extrema dreta per escampar el seu discurs i cada cop els feixistes es senten m\u00e9s legitimats per sortir al carrer.<br>Ho veiem en les cacer\u00edes de migrants a ceuta i aqu\u00ed en les convocatories que dia rere dia van sortint..<\/p>\n\n\n\n<p class=\"wp-block-paragraph\">Com a antifeixistes \u00e9s el nostre deure plantar cara a l\u2019odi i la viol\u00e8ncia i sortir al carrer a acabar amb el feixisme!<\/p>\n\n\n\n<p class=\"wp-block-paragraph\">\u00c9s per aix\u00f2 que animem a sumar-se a les convocat\u00f2ries que s\u2019estan donant:<\/p>\n\n\n\n<p class=\"wp-block-paragraph\"><strong>Avui dimecres 2 de setembre anirem a pla\u00e7a St Jaume a les 19h<\/strong> contra la manifestaci\u00f3 de Nucleo Nacional, Vox i companyia que pretenen escampar el seu discurs racista aprofitant la crisis humanit\u00e0ria de Ceuta.<br><br><strong>(Quedem a les 18h a la Cin\u00e8tika)<\/strong><\/p>\n","protected":false},"excerpt":{"rendered":"<div class=\"mh-excerpt\"><p>Companyes, comencem un inici de curs calent.La crisi de Ceuta est\u00e0 sent aprofitada per l\u2019extrema dreta per escampar el seu discurs i cada cop els feixistes es senten m\u00e9s legitimats per sortir al carrer.Ho veiem en les cacer\u00edes de migrants a ceuta i aqu\u00ed en les convocatories que dia rere <a class=\"mh-excerpt-more\" href=\"https:\/\/blogs.sindominio.net\/lacinetika\/2026\/09\/02\/aixo-es-avui-2-09-26-manifestacio-a-bcn-cap-persona-es-il-legal\/\" title=\"Aix\u00f2 \u00e9s avui: 2\/09\/26 Manifestaci\u00f3 a Bcn Cap persona \u00e9s il.legal\">[&#8230;]<\/a><\/p>\n<\/div>","protected":false},"author":261,"featured_media":29921,"comment_status":"closed","ping_status":"closed","sticky":false,"template":"","format":"standard","meta":{"_jetpack_newsletter_access":"","_jetpack_dont_email_post_to_subs":false,"_jetpack_newsletter_tier_id":0,"_jetpack_memberships_contains_paywalled_content":false,"_jetpack_memberships_contains_paid_content":false,"footnotes":""},"categories":[2,3],"tags":[],"class_list":["post-29929","post","type-post","status-publish","format-standard","has-post-thumbnail","hentry","category-collectius","category-la-cinetika-rules"],"jetpack_sharing_enabled":true,"jetpack_featured_media_url":"https:\/\/blogs.sindominio.net\/lacinetika\/files\/2026\/09\/photo_2026-09-01_10-25-39.jpg","_links":{"self":[{"href":"https:\/\/blogs.sindominio.net\/lacinetika\/wp-json\/wp\/v2\/posts\/29929","targetHints":{"allow":["GET"]}}],"collection":[{"href":"https:\/\/blogs.sindominio.net\/lacinetika\/wp-json\/wp\/v2\/posts"}],"about":[{"href":"https:\/\/blogs.sindominio.net\/lacinetika\/wp-json\/wp\/v2\/types\/post"}],"author":[{"embeddable":true,"href":"https:\/\/blogs.sindominio.net\/lacinetika\/wp-json\/wp\/v2\/users\/261"}],"replies":[{"embeddable":true,"href":"https:\/\/blogs.sindominio.net\/lacinetika\/wp-json\/wp\/v2\/comments?post=29929"}],"version-history":[{"count":1,"href":"https:\/\/blogs.sindominio.net\/lacinetika\/wp-json\/wp\/v2\/posts\/29929\/revisions"}],"predecessor-version":[{"id":29930,"href":"https:\/\/blogs.sindominio.net\/lacinetika\/wp-json\/wp\/v2\/posts\/29929\/revisions\/29930"}],"wp:featuredmedia":[{"embeddable":true,"href":"https:\/\/blogs.sindominio.net\/lacinetika\/wp-json\/wp\/v2\/media\/29921"}],"wp:attachment":[{"href":"https:\/\/blogs.sindominio.net\/lacinetika\/wp-json\/wp\/v2\/media?parent=29929"}],"wp:term":[{"taxonomy":"category","embeddable":true,"href":"https:\/\/blogs.sindominio.net\/lacinetika\/wp-json\/wp\/v2\/categories?post=29929"},{"taxonomy":"post_tag","embeddable":true,"href":"https:\/\/blogs.sindominio.net\/lacinetika\/wp-json\/wp\/v2\/tags?post=29929"}],"curies":[{"name":"wp","href":"https:\/\/api.w.org\/{rel}","templated":true}]}}