{"id":29906,"date":"2026-09-01T21:00:00","date_gmt":"2026-09-01T19:00:00","guid":{"rendered":"https:\/\/blogs.sindominio.net\/lacinetika\/?p=29906"},"modified":"2026-09-01T16:49:05","modified_gmt":"2026-09-01T14:49:05","slug":"08-09-26-animatika-fara-assemblea-sala-10","status":"publish","type":"post","link":"https:\/\/blogs.sindominio.net\/lacinetika\/2026\/09\/01\/08-09-26-animatika-fara-assemblea-sala-10\/","title":{"rendered":"08\/09\/26 Anim\u00e0tika far\u00e0 assemblea (Sala 10)"},"content":{"rendered":"\n<figure class=\"wp-block-image size-large\"><img loading=\"lazy\" decoding=\"async\" width=\"819\" height=\"1024\" src=\"https:\/\/blogs.sindominio.net\/lacinetika\/files\/2026\/09\/mortadelo-copia-819x1024.jpg\" alt=\"\" class=\"wp-image-29907\" srcset=\"https:\/\/blogs.sindominio.net\/lacinetika\/files\/2026\/09\/mortadelo-copia-819x1024.jpg 819w, https:\/\/blogs.sindominio.net\/lacinetika\/files\/2026\/09\/mortadelo-copia-240x300.jpg 240w, https:\/\/blogs.sindominio.net\/lacinetika\/files\/2026\/09\/mortadelo-copia-768x960.jpg 768w, https:\/\/blogs.sindominio.net\/lacinetika\/files\/2026\/09\/mortadelo-copia.jpg 1024w\" sizes=\"auto, (max-width: 819px) 100vw, 819px\" \/><\/figure>\n\n\n\n<p class=\"wp-block-paragraph\"><p class=\"wp-block-paragraph\"><strong>El dimarts 8 de setembre a les 19h<\/strong>, a la Sala 10 farem l\u2019<strong>assemblea d\u2019Anim\u00e0tika<\/strong>!<\/p>Ja hem acabat el Cicle animaci\u00f3 de c\u00f2mic europeu. I ara qu\u00e8 farem? Doncs santornem-hi amb la nostra cl\u00e0ssica assemblea oberta! Prepararem calendari de projeccions, el cicle de revoluci\u00f3 i m\u00e9s.<br><br>Vols saber com funciona Anim\u00e0tika? Tens idees de cicles o altres propostes? Vine i participa!<\/p>\n","protected":false},"excerpt":{"rendered":"<div class=\"mh-excerpt\"><p>El dimarts 8 de setembre a les 19h, a la Sala 10 farem l\u2019assemblea d\u2019Anim\u00e0tika! Ja hem acabat el Cicle animaci\u00f3 de c\u00f2mic europeu. I ara qu\u00e8 farem? Doncs santornem-hi amb la nostra cl\u00e0ssica assemblea oberta! Prepararem calendari de projeccions, el cicle de revoluci\u00f3 i m\u00e9s. Vols saber com funciona <a class=\"mh-excerpt-more\" href=\"https:\/\/blogs.sindominio.net\/lacinetika\/2026\/09\/01\/08-09-26-animatika-fara-assemblea-sala-10\/\" title=\"08\/09\/26 Anim\u00e0tika far\u00e0 assemblea (Sala 10)\">[&#8230;]<\/a><\/p>\n<\/div>","protected":false},"author":261,"featured_media":29907,"comment_status":"closed","ping_status":"closed","sticky":false,"template":"","format":"standard","meta":{"_jetpack_newsletter_access":"","_jetpack_dont_email_post_to_subs":false,"_jetpack_newsletter_tier_id":0,"_jetpack_memberships_contains_paywalled_content":false,"_jetpack_memberships_contains_paid_content":false,"footnotes":""},"categories":[4],"tags":[],"class_list":["post-29906","post","type-post","status-publish","format-standard","has-post-thumbnail","hentry","category-projectes"],"jetpack_sharing_enabled":true,"jetpack_featured_media_url":"https:\/\/blogs.sindominio.net\/lacinetika\/files\/2026\/09\/mortadelo-copia.jpg","_links":{"self":[{"href":"https:\/\/blogs.sindominio.net\/lacinetika\/wp-json\/wp\/v2\/posts\/29906","targetHints":{"allow":["GET"]}}],"collection":[{"href":"https:\/\/blogs.sindominio.net\/lacinetika\/wp-json\/wp\/v2\/posts"}],"about":[{"href":"https:\/\/blogs.sindominio.net\/lacinetika\/wp-json\/wp\/v2\/types\/post"}],"author":[{"embeddable":true,"href":"https:\/\/blogs.sindominio.net\/lacinetika\/wp-json\/wp\/v2\/users\/261"}],"replies":[{"embeddable":true,"href":"https:\/\/blogs.sindominio.net\/lacinetika\/wp-json\/wp\/v2\/comments?post=29906"}],"version-history":[{"count":2,"href":"https:\/\/blogs.sindominio.net\/lacinetika\/wp-json\/wp\/v2\/posts\/29906\/revisions"}],"predecessor-version":[{"id":29912,"href":"https:\/\/blogs.sindominio.net\/lacinetika\/wp-json\/wp\/v2\/posts\/29906\/revisions\/29912"}],"wp:featuredmedia":[{"embeddable":true,"href":"https:\/\/blogs.sindominio.net\/lacinetika\/wp-json\/wp\/v2\/media\/29907"}],"wp:attachment":[{"href":"https:\/\/blogs.sindominio.net\/lacinetika\/wp-json\/wp\/v2\/media?parent=29906"}],"wp:term":[{"taxonomy":"category","embeddable":true,"href":"https:\/\/blogs.sindominio.net\/lacinetika\/wp-json\/wp\/v2\/categories?post=29906"},{"taxonomy":"post_tag","embeddable":true,"href":"https:\/\/blogs.sindominio.net\/lacinetika\/wp-json\/wp\/v2\/tags?post=29906"}],"curies":[{"name":"wp","href":"https:\/\/api.w.org\/{rel}","templated":true}]}}