{"id":29899,"date":"2026-09-01T11:30:00","date_gmt":"2026-09-01T09:30:00","guid":{"rendered":"https:\/\/blogs.sindominio.net\/lacinetika\/?p=29899"},"modified":"2026-09-01T12:03:55","modified_gmt":"2026-09-01T10:03:55","slug":"aixo-es-avui-1-09-26-animatika-projectara-mortadelo-i-filemon-contra-jimmy-el-cachondo-dir-javier-fresser-vo-2014","status":"publish","type":"post","link":"https:\/\/blogs.sindominio.net\/lacinetika\/2026\/09\/01\/aixo-es-avui-1-09-26-animatika-projectara-mortadelo-i-filemon-contra-jimmy-el-cachondo-dir-javier-fresser-vo-2014\/","title":{"rendered":"Aix\u00f2 \u00e9s avui: 1\/09\/26 Anim\u00e0tika projectar\u00e0 Mortadelo i Filem\u00f3n contra Jimmy el Cachondo, Dir. Javier Fresser, VO (2014)"},"content":{"rendered":"\n<figure class=\"wp-block-image size-full\"><img loading=\"lazy\" decoding=\"async\" width=\"720\" height=\"901\" src=\"https:\/\/blogs.sindominio.net\/lacinetika\/files\/2026\/09\/photo_2026-09-01_11-47-52.jpg\" alt=\"\" class=\"wp-image-29900\" srcset=\"https:\/\/blogs.sindominio.net\/lacinetika\/files\/2026\/09\/photo_2026-09-01_11-47-52.jpg 720w, https:\/\/blogs.sindominio.net\/lacinetika\/files\/2026\/09\/photo_2026-09-01_11-47-52-240x300.jpg 240w\" sizes=\"auto, (max-width: 720px) 100vw, 720px\" \/><\/figure>\n\n\n\n<p class=\"wp-block-paragraph\"><strong>Avui dimarts 1 de setembre a les 19h<\/strong>, Anim\u00e0tika projectar\u00e0 <strong>Mortadelo i Filem\u00f3n contra Jimmy el Cachondo<\/strong>, dirigida per Javier Fresser, de 88 minuts de durada, VO (2014).<br><br>Per tancar el cicle de c\u00f2mic europeu, la que considerem la millor pel\u00edcula d&#8217;animaci\u00f3 espanyola, amb la col\u00b7laboraci\u00f3 i aprovaci\u00f3 del recentment difunt Francisco Ib\u00e1\u00f1ez.<\/p>\n\n\n\n<p class=\"wp-block-paragraph\"><strong>Sinopsi:<\/strong><br>Despr\u00e9s de rebre un document ultra secret i protegir-lo a la seva nova caixa forta, l&#8217;ag\u00e8ncia d&#8217;espionatge de la T.I.A. queda avergonida davant les altres ag\u00e8ncies quan Jimmy el Cachondo i els seus c\u00f2mplices, els siamesos Mari i Trini, sostreuen la caixa amb molta facilitat, provocant l&#8217;anir\u00e0 del S\u00faper, que ordena a la seva secret\u00e0ria Ofelia fer trucar els seus millors agents.<\/p>\n","protected":false},"excerpt":{"rendered":"<div class=\"mh-excerpt\"><p>Avui dimarts 1 de setembre a les 19h, Anim\u00e0tika projectar\u00e0 Mortadelo i Filem\u00f3n contra Jimmy el Cachondo, dirigida per Javier Fresser, de 88 minuts de durada, VO (2014). Per tancar el cicle de c\u00f2mic europeu, la que considerem la millor pel\u00edcula d&#8217;animaci\u00f3 espanyola, amb la col\u00b7laboraci\u00f3 i aprovaci\u00f3 del recentment <a class=\"mh-excerpt-more\" href=\"https:\/\/blogs.sindominio.net\/lacinetika\/2026\/09\/01\/aixo-es-avui-1-09-26-animatika-projectara-mortadelo-i-filemon-contra-jimmy-el-cachondo-dir-javier-fresser-vo-2014\/\" title=\"Aix\u00f2 \u00e9s avui: 1\/09\/26 Anim\u00e0tika projectar\u00e0 Mortadelo i Filem\u00f3n contra Jimmy el Cachondo, Dir. Javier Fresser, VO (2014)\">[&#8230;]<\/a><\/p>\n<\/div>","protected":false},"author":261,"featured_media":29900,"comment_status":"closed","ping_status":"closed","sticky":false,"template":"","format":"standard","meta":{"_jetpack_newsletter_access":"","_jetpack_dont_email_post_to_subs":false,"_jetpack_newsletter_tier_id":0,"_jetpack_memberships_contains_paywalled_content":false,"_jetpack_memberships_contains_paid_content":false,"footnotes":""},"categories":[4],"tags":[],"class_list":["post-29899","post","type-post","status-publish","format-standard","has-post-thumbnail","hentry","category-projectes"],"jetpack_sharing_enabled":true,"jetpack_featured_media_url":"https:\/\/blogs.sindominio.net\/lacinetika\/files\/2026\/09\/photo_2026-09-01_11-47-52.jpg","_links":{"self":[{"href":"https:\/\/blogs.sindominio.net\/lacinetika\/wp-json\/wp\/v2\/posts\/29899","targetHints":{"allow":["GET"]}}],"collection":[{"href":"https:\/\/blogs.sindominio.net\/lacinetika\/wp-json\/wp\/v2\/posts"}],"about":[{"href":"https:\/\/blogs.sindominio.net\/lacinetika\/wp-json\/wp\/v2\/types\/post"}],"author":[{"embeddable":true,"href":"https:\/\/blogs.sindominio.net\/lacinetika\/wp-json\/wp\/v2\/users\/261"}],"replies":[{"embeddable":true,"href":"https:\/\/blogs.sindominio.net\/lacinetika\/wp-json\/wp\/v2\/comments?post=29899"}],"version-history":[{"count":2,"href":"https:\/\/blogs.sindominio.net\/lacinetika\/wp-json\/wp\/v2\/posts\/29899\/revisions"}],"predecessor-version":[{"id":29904,"href":"https:\/\/blogs.sindominio.net\/lacinetika\/wp-json\/wp\/v2\/posts\/29899\/revisions\/29904"}],"wp:featuredmedia":[{"embeddable":true,"href":"https:\/\/blogs.sindominio.net\/lacinetika\/wp-json\/wp\/v2\/media\/29900"}],"wp:attachment":[{"href":"https:\/\/blogs.sindominio.net\/lacinetika\/wp-json\/wp\/v2\/media?parent=29899"}],"wp:term":[{"taxonomy":"category","embeddable":true,"href":"https:\/\/blogs.sindominio.net\/lacinetika\/wp-json\/wp\/v2\/categories?post=29899"},{"taxonomy":"post_tag","embeddable":true,"href":"https:\/\/blogs.sindominio.net\/lacinetika\/wp-json\/wp\/v2\/tags?post=29899"}],"curies":[{"name":"wp","href":"https:\/\/api.w.org\/{rel}","templated":true}]}}