{"id":29890,"date":"2026-09-01T10:44:00","date_gmt":"2026-09-01T08:44:00","guid":{"rendered":"https:\/\/blogs.sindominio.net\/lacinetika\/?p=29890"},"modified":"2026-09-01T08:55:01","modified_gmt":"2026-09-01T06:55:01","slug":"04-09-2026-cinema-dijous-projectara-akira-dir-katsuhiro-otomo-1988-vose","status":"publish","type":"post","link":"https:\/\/blogs.sindominio.net\/lacinetika\/2026\/09\/01\/04-09-2026-cinema-dijous-projectara-akira-dir-katsuhiro-otomo-1988-vose\/","title":{"rendered":"04\/09\/2026 Cinema dijous projectar\u00e0 Akira, Dir Katsuhiro \u00d4tomo, 1988 VOSE"},"content":{"rendered":"\n<figure class=\"wp-block-image size-large\"><img loading=\"lazy\" decoding=\"async\" width=\"724\" height=\"1024\" src=\"https:\/\/blogs.sindominio.net\/lacinetika\/files\/2026\/09\/Cartell_Cinetika_Akira-ColorA4_page-0001-724x1024.jpg\" alt=\"\" class=\"wp-image-29891\" srcset=\"https:\/\/blogs.sindominio.net\/lacinetika\/files\/2026\/09\/Cartell_Cinetika_Akira-ColorA4_page-0001-724x1024.jpg 724w, https:\/\/blogs.sindominio.net\/lacinetika\/files\/2026\/09\/Cartell_Cinetika_Akira-ColorA4_page-0001-212x300.jpg 212w, https:\/\/blogs.sindominio.net\/lacinetika\/files\/2026\/09\/Cartell_Cinetika_Akira-ColorA4_page-0001-768x1086.jpg 768w, https:\/\/blogs.sindominio.net\/lacinetika\/files\/2026\/09\/Cartell_Cinetika_Akira-ColorA4_page-0001-1086x1536.jpg 1086w, https:\/\/blogs.sindominio.net\/lacinetika\/files\/2026\/09\/Cartell_Cinetika_Akira-ColorA4_page-0001-1448x2048.jpg 1448w, https:\/\/blogs.sindominio.net\/lacinetika\/files\/2026\/09\/Cartell_Cinetika_Akira-ColorA4_page-0001.jpg 1754w\" sizes=\"auto, (max-width: 724px) 100vw, 724px\" \/><\/figure>\n\n\n\n<p class=\"wp-block-paragraph\"><strong>El dijous 04 de setembre a les 20h  torna cinema Dijous<\/strong> i projectar\u00e0 Akira, de 1988 i 125 minuts de durada.<\/p>\n\n\n\n<p class=\"wp-block-paragraph\"><strong>Sinopsi<\/strong>: film de culte ciberpunk ambientat en un futur postapocal\u00edptic i violent a Neo-Tokyo, una megal\u00f2polis aixecada sobre les runes de l\u2019antiga capital japonesa despr\u00e9s de la Tercera Guerra Mundial. Akira \u00e9s una superproducci\u00f3 de l\u2019animaci\u00f3 que al 1988 va combinar t\u00e8cniques tradicionals amb innovacions gr\u00e0fiques i tecnol\u00f2giques.<\/p>\n\n\n\n<p class=\"wp-block-paragraph\"><\/p>\n","protected":false},"excerpt":{"rendered":"<div class=\"mh-excerpt\"><p>El dijous 04 de setembre a les 20h torna cinema Dijous i projectar\u00e0 Akira, de 1988 i 125 minuts de durada. Sinopsi: film de culte ciberpunk ambientat en un futur postapocal\u00edptic i violent a Neo-Tokyo, una megal\u00f2polis aixecada sobre les runes de l\u2019antiga capital japonesa despr\u00e9s de la Tercera Guerra <a class=\"mh-excerpt-more\" href=\"https:\/\/blogs.sindominio.net\/lacinetika\/2026\/09\/01\/04-09-2026-cinema-dijous-projectara-akira-dir-katsuhiro-otomo-1988-vose\/\" title=\"04\/09\/2026 Cinema dijous projectar\u00e0 Akira, Dir Katsuhiro \u00d4tomo, 1988 VOSE\">[&#8230;]<\/a><\/p>\n<\/div>","protected":false},"author":261,"featured_media":29891,"comment_status":"closed","ping_status":"closed","sticky":false,"template":"","format":"standard","meta":{"_jetpack_newsletter_access":"","_jetpack_dont_email_post_to_subs":false,"_jetpack_newsletter_tier_id":0,"_jetpack_memberships_contains_paywalled_content":false,"_jetpack_memberships_contains_paid_content":false,"footnotes":""},"categories":[1],"tags":[],"class_list":["post-29890","post","type-post","status-publish","format-standard","has-post-thumbnail","hentry","category-sin-categoria"],"jetpack_sharing_enabled":true,"jetpack_featured_media_url":"https:\/\/blogs.sindominio.net\/lacinetika\/files\/2026\/09\/Cartell_Cinetika_Akira-ColorA4_page-0001.jpg","_links":{"self":[{"href":"https:\/\/blogs.sindominio.net\/lacinetika\/wp-json\/wp\/v2\/posts\/29890","targetHints":{"allow":["GET"]}}],"collection":[{"href":"https:\/\/blogs.sindominio.net\/lacinetika\/wp-json\/wp\/v2\/posts"}],"about":[{"href":"https:\/\/blogs.sindominio.net\/lacinetika\/wp-json\/wp\/v2\/types\/post"}],"author":[{"embeddable":true,"href":"https:\/\/blogs.sindominio.net\/lacinetika\/wp-json\/wp\/v2\/users\/261"}],"replies":[{"embeddable":true,"href":"https:\/\/blogs.sindominio.net\/lacinetika\/wp-json\/wp\/v2\/comments?post=29890"}],"version-history":[{"count":1,"href":"https:\/\/blogs.sindominio.net\/lacinetika\/wp-json\/wp\/v2\/posts\/29890\/revisions"}],"predecessor-version":[{"id":29892,"href":"https:\/\/blogs.sindominio.net\/lacinetika\/wp-json\/wp\/v2\/posts\/29890\/revisions\/29892"}],"wp:featuredmedia":[{"embeddable":true,"href":"https:\/\/blogs.sindominio.net\/lacinetika\/wp-json\/wp\/v2\/media\/29891"}],"wp:attachment":[{"href":"https:\/\/blogs.sindominio.net\/lacinetika\/wp-json\/wp\/v2\/media?parent=29890"}],"wp:term":[{"taxonomy":"category","embeddable":true,"href":"https:\/\/blogs.sindominio.net\/lacinetika\/wp-json\/wp\/v2\/categories?post=29890"},{"taxonomy":"post_tag","embeddable":true,"href":"https:\/\/blogs.sindominio.net\/lacinetika\/wp-json\/wp\/v2\/tags?post=29890"}],"curies":[{"name":"wp","href":"https:\/\/api.w.org\/{rel}","templated":true}]}}