{"id":29847,"date":"2026-08-31T10:30:00","date_gmt":"2026-08-31T08:30:00","guid":{"rendered":"https:\/\/blogs.sindominio.net\/lacinetika\/?p=29847"},"modified":"2026-08-31T11:50:31","modified_gmt":"2026-08-31T09:50:31","slug":"2-09-26-projeccions-porc-roig-projectem-film-damore-e-danarchia-dir-lina-wertmuller-vose-1973","status":"publish","type":"post","link":"https:\/\/blogs.sindominio.net\/lacinetika\/2026\/08\/31\/2-09-26-projeccions-porc-roig-projectem-film-damore-e-danarchia-dir-lina-wertmuller-vose-1973\/","title":{"rendered":"2\/09\/26 Projeccions Porc Roig projectem Film d\u2019amore e d\u2019anarchia, Dir. Lina Wertm\u00fcller, VOSE (1973)"},"content":{"rendered":"\n<figure class=\"wp-block-image size-large\"><img loading=\"lazy\" decoding=\"async\" width=\"826\" height=\"1024\" src=\"https:\/\/blogs.sindominio.net\/lacinetika\/files\/2026\/08\/photo_2026-08-29_16-04-24-826x1024.jpg\" alt=\"\" class=\"wp-image-29848\" srcset=\"https:\/\/blogs.sindominio.net\/lacinetika\/files\/2026\/08\/photo_2026-08-29_16-04-24-826x1024.jpg 826w, https:\/\/blogs.sindominio.net\/lacinetika\/files\/2026\/08\/photo_2026-08-29_16-04-24-242x300.jpg 242w, https:\/\/blogs.sindominio.net\/lacinetika\/files\/2026\/08\/photo_2026-08-29_16-04-24-768x953.jpg 768w, https:\/\/blogs.sindominio.net\/lacinetika\/files\/2026\/08\/photo_2026-08-29_16-04-24-1238x1536.jpg 1238w, https:\/\/blogs.sindominio.net\/lacinetika\/files\/2026\/08\/photo_2026-08-29_16-04-24-1651x2048.jpg 1651w\" sizes=\"auto, (max-width: 826px) 100vw, 826px\" \/><\/figure>\n\n\n\n<p class=\"wp-block-paragraph\"><strong>El dimecres 2 de setembre a les 19:30h<\/strong>,  Projeccions Porc Roig projectem <strong>Film d\u2019amore e d\u2019anarchia<\/strong>, de 126 minuts de durada, de Lina Wertm\u00fcller, directora prou desconeguda tot i la gran traject\u00f2ria que va tenir. La projecci\u00f3 ser\u00e0 en versi\u00f3 original subtitulada al castell\u00e0 (1973).<\/p>\n\n\n\n<p class=\"wp-block-paragraph\">Quan s&#8217;acabi la projecci\u00f3 estarem endantadis que us quedeu a comentar-la &lt;3 Hi ha aire condicionat i ascensor, no hi ha preu d\u2019entrada, ja que a la Cin\u00e8tika funcionem amb taquilla inversa! (nom\u00e9s efectiu).<\/p>\n\n\n\n<p class=\"wp-block-paragraph\"><strong>Sinopsi:<\/strong><br>A la It\u00e0lia feixista pr\u00e8via a la Segona Guerra Mundial, Tunin, un granger anarquista, s\u2019amaga a una casa de barrets amb l\u2019ajuda de les treballadores mentre prepara l\u2019assassinat de Benito Mussolini, com a venjan\u00e7a per la mort d\u2019un vell amic.<\/p>\n","protected":false},"excerpt":{"rendered":"<div class=\"mh-excerpt\"><p>El dimecres 2 de setembre a les 19:30h, Projeccions Porc Roig projectem Film d\u2019amore e d\u2019anarchia, de 126 minuts de durada, de Lina Wertm\u00fcller, directora prou desconeguda tot i la gran traject\u00f2ria que va tenir. La projecci\u00f3 ser\u00e0 en versi\u00f3 original subtitulada al castell\u00e0 (1973). Quan s&#8217;acabi la projecci\u00f3 estarem <a class=\"mh-excerpt-more\" href=\"https:\/\/blogs.sindominio.net\/lacinetika\/2026\/08\/31\/2-09-26-projeccions-porc-roig-projectem-film-damore-e-danarchia-dir-lina-wertmuller-vose-1973\/\" title=\"2\/09\/26 Projeccions Porc Roig projectem Film d\u2019amore e d\u2019anarchia, Dir. Lina Wertm\u00fcller, VOSE (1973)\">[&#8230;]<\/a><\/p>\n<\/div>","protected":false},"author":261,"featured_media":29848,"comment_status":"closed","ping_status":"closed","sticky":false,"template":"","format":"standard","meta":{"_jetpack_newsletter_access":"","_jetpack_dont_email_post_to_subs":false,"_jetpack_newsletter_tier_id":0,"_jetpack_memberships_contains_paywalled_content":false,"_jetpack_memberships_contains_paid_content":false,"footnotes":""},"categories":[4],"tags":[],"class_list":["post-29847","post","type-post","status-publish","format-standard","has-post-thumbnail","hentry","category-projectes"],"jetpack_sharing_enabled":true,"jetpack_featured_media_url":"https:\/\/blogs.sindominio.net\/lacinetika\/files\/2026\/08\/photo_2026-08-29_16-04-24.jpg","_links":{"self":[{"href":"https:\/\/blogs.sindominio.net\/lacinetika\/wp-json\/wp\/v2\/posts\/29847","targetHints":{"allow":["GET"]}}],"collection":[{"href":"https:\/\/blogs.sindominio.net\/lacinetika\/wp-json\/wp\/v2\/posts"}],"about":[{"href":"https:\/\/blogs.sindominio.net\/lacinetika\/wp-json\/wp\/v2\/types\/post"}],"author":[{"embeddable":true,"href":"https:\/\/blogs.sindominio.net\/lacinetika\/wp-json\/wp\/v2\/users\/261"}],"replies":[{"embeddable":true,"href":"https:\/\/blogs.sindominio.net\/lacinetika\/wp-json\/wp\/v2\/comments?post=29847"}],"version-history":[{"count":1,"href":"https:\/\/blogs.sindominio.net\/lacinetika\/wp-json\/wp\/v2\/posts\/29847\/revisions"}],"predecessor-version":[{"id":29849,"href":"https:\/\/blogs.sindominio.net\/lacinetika\/wp-json\/wp\/v2\/posts\/29847\/revisions\/29849"}],"wp:featuredmedia":[{"embeddable":true,"href":"https:\/\/blogs.sindominio.net\/lacinetika\/wp-json\/wp\/v2\/media\/29848"}],"wp:attachment":[{"href":"https:\/\/blogs.sindominio.net\/lacinetika\/wp-json\/wp\/v2\/media?parent=29847"}],"wp:term":[{"taxonomy":"category","embeddable":true,"href":"https:\/\/blogs.sindominio.net\/lacinetika\/wp-json\/wp\/v2\/categories?post=29847"},{"taxonomy":"post_tag","embeddable":true,"href":"https:\/\/blogs.sindominio.net\/lacinetika\/wp-json\/wp\/v2\/tags?post=29847"}],"curies":[{"name":"wp","href":"https:\/\/api.w.org\/{rel}","templated":true}]}}