{"id":29822,"date":"2026-09-06T17:00:00","date_gmt":"2026-09-06T15:00:00","guid":{"rendered":"https:\/\/blogs.sindominio.net\/lacinetika\/?p=29822"},"modified":"2026-08-29T12:09:31","modified_gmt":"2026-08-29T10:09:31","slug":"aixo-es-dema-7-09-26-assemblea-del-sindicat-dhabitatge-de-sant-andreu","status":"publish","type":"post","link":"https:\/\/blogs.sindominio.net\/lacinetika\/2026\/09\/06\/aixo-es-dema-7-09-26-assemblea-del-sindicat-dhabitatge-de-sant-andreu\/","title":{"rendered":"Aix\u00f2 \u00e9s dem\u00e0: 7\/09\/26 Assemblea del Sindicat d\u2019Habitatge de Sant\u00a0Andreu"},"content":{"rendered":"\n<figure class=\"wp-block-image size-full\"><img loading=\"lazy\" decoding=\"async\" width=\"647\" height=\"809\" src=\"https:\/\/blogs.sindominio.net\/lacinetika\/files\/2026\/08\/photo_2026-08-21_14-17-18.jpg\" alt=\"\" class=\"wp-image-29823\" srcset=\"https:\/\/blogs.sindominio.net\/lacinetika\/files\/2026\/08\/photo_2026-08-21_14-17-18.jpg 647w, https:\/\/blogs.sindominio.net\/lacinetika\/files\/2026\/08\/photo_2026-08-21_14-17-18-240x300.jpg 240w\" sizes=\"auto, (max-width: 647px) 100vw, 647px\" \/><\/figure>\n\n\n\n<p class=\"wp-block-paragraph\">Et volen fer fora de casa?<br>No pots pagar el lloguer<br>No et volen renovar?<br>Est\u00e0s ocupant?<br>Vols participar en la lluita per l\u2019habitatge?<\/p>\n\n\n\n<p class=\"wp-block-paragraph\"><strong>El dilluns 7 de setembre.<\/strong><\/p>\n\n\n\n<p class=\"wp-block-paragraph\"><strong>A les 18h<\/strong> \u2013 Acollida de nous casos.<\/p>\n\n\n\n<p class=\"wp-block-paragraph\"><strong>A les 18:30h<\/strong> \u2013 Assemblea oberta a La Cinetika \u2013 Pg. Fabra i puig cantonada C. Monges.<\/p>\n\n\n\n<p class=\"wp-block-paragraph\">Si \u00e9s el teu primer cop porta tota la documentaci\u00f3.<\/p>\n\n\n\n<p class=\"wp-block-paragraph\">Ens trobem cada dilluns a les 18h a La Cin\u00e8tika.<\/p>\n","protected":false},"excerpt":{"rendered":"<div class=\"mh-excerpt\"><p>Et volen fer fora de casa?No pots pagar el lloguerNo et volen renovar?Est\u00e0s ocupant?Vols participar en la lluita per l\u2019habitatge? El dilluns 7 de setembre. A les 18h \u2013 Acollida de nous casos. A les 18:30h \u2013 Assemblea oberta a La Cinetika \u2013 Pg. Fabra i puig cantonada C. Monges. <a class=\"mh-excerpt-more\" href=\"https:\/\/blogs.sindominio.net\/lacinetika\/2026\/09\/06\/aixo-es-dema-7-09-26-assemblea-del-sindicat-dhabitatge-de-sant-andreu\/\" title=\"Aix\u00f2 \u00e9s dem\u00e0: 7\/09\/26 Assemblea del Sindicat d\u2019Habitatge de Sant\u00a0Andreu\">[&#8230;]<\/a><\/p>\n<\/div>","protected":false},"author":261,"featured_media":29823,"comment_status":"closed","ping_status":"closed","sticky":false,"template":"","format":"standard","meta":{"_jetpack_newsletter_access":"","_jetpack_dont_email_post_to_subs":false,"_jetpack_newsletter_tier_id":0,"_jetpack_memberships_contains_paywalled_content":false,"_jetpack_memberships_contains_paid_content":false,"footnotes":""},"categories":[2],"tags":[],"class_list":["post-29822","post","type-post","status-publish","format-standard","has-post-thumbnail","hentry","category-collectius"],"jetpack_sharing_enabled":true,"jetpack_featured_media_url":"https:\/\/blogs.sindominio.net\/lacinetika\/files\/2026\/08\/photo_2026-08-21_14-17-18.jpg","_links":{"self":[{"href":"https:\/\/blogs.sindominio.net\/lacinetika\/wp-json\/wp\/v2\/posts\/29822","targetHints":{"allow":["GET"]}}],"collection":[{"href":"https:\/\/blogs.sindominio.net\/lacinetika\/wp-json\/wp\/v2\/posts"}],"about":[{"href":"https:\/\/blogs.sindominio.net\/lacinetika\/wp-json\/wp\/v2\/types\/post"}],"author":[{"embeddable":true,"href":"https:\/\/blogs.sindominio.net\/lacinetika\/wp-json\/wp\/v2\/users\/261"}],"replies":[{"embeddable":true,"href":"https:\/\/blogs.sindominio.net\/lacinetika\/wp-json\/wp\/v2\/comments?post=29822"}],"version-history":[{"count":1,"href":"https:\/\/blogs.sindominio.net\/lacinetika\/wp-json\/wp\/v2\/posts\/29822\/revisions"}],"predecessor-version":[{"id":29824,"href":"https:\/\/blogs.sindominio.net\/lacinetika\/wp-json\/wp\/v2\/posts\/29822\/revisions\/29824"}],"wp:featuredmedia":[{"embeddable":true,"href":"https:\/\/blogs.sindominio.net\/lacinetika\/wp-json\/wp\/v2\/media\/29823"}],"wp:attachment":[{"href":"https:\/\/blogs.sindominio.net\/lacinetika\/wp-json\/wp\/v2\/media?parent=29822"}],"wp:term":[{"taxonomy":"category","embeddable":true,"href":"https:\/\/blogs.sindominio.net\/lacinetika\/wp-json\/wp\/v2\/categories?post=29822"},{"taxonomy":"post_tag","embeddable":true,"href":"https:\/\/blogs.sindominio.net\/lacinetika\/wp-json\/wp\/v2\/tags?post=29822"}],"curies":[{"name":"wp","href":"https:\/\/api.w.org\/{rel}","templated":true}]}}