{"id":29793,"date":"2026-08-31T11:00:00","date_gmt":"2026-08-31T09:00:00","guid":{"rendered":"https:\/\/blogs.sindominio.net\/lacinetika\/?p=29793"},"modified":"2026-08-27T17:21:55","modified_gmt":"2026-08-27T15:21:55","slug":"10-09-26-fem-fora-lextrema-dreta-del-fossar-de-les-moreres","status":"publish","type":"post","link":"https:\/\/blogs.sindominio.net\/lacinetika\/2026\/08\/31\/10-09-26-fem-fora-lextrema-dreta-del-fossar-de-les-moreres\/","title":{"rendered":"10\/09\/26 Fem fora l&#8217;extrema dreta del Fossar de les Moreres!"},"content":{"rendered":"\n<figure class=\"wp-block-image size-large\"><img loading=\"lazy\" decoding=\"async\" width=\"819\" height=\"1024\" src=\"https:\/\/blogs.sindominio.net\/lacinetika\/files\/2026\/08\/photo_2026-08-27_17-05-12-819x1024.jpg\" alt=\"\" class=\"wp-image-29794\" srcset=\"https:\/\/blogs.sindominio.net\/lacinetika\/files\/2026\/08\/photo_2026-08-27_17-05-12-819x1024.jpg 819w, https:\/\/blogs.sindominio.net\/lacinetika\/files\/2026\/08\/photo_2026-08-27_17-05-12-240x300.jpg 240w, https:\/\/blogs.sindominio.net\/lacinetika\/files\/2026\/08\/photo_2026-08-27_17-05-12-768x960.jpg 768w, https:\/\/blogs.sindominio.net\/lacinetika\/files\/2026\/08\/photo_2026-08-27_17-05-12.jpg 1080w\" sizes=\"auto, (max-width: 819px) 100vw, 819px\" \/><\/figure>\n\n\n\n<p class=\"wp-block-paragraph\"><strong>El dijous 10 de setembre<\/strong> Alian\u00e7a Catalana i l&#8217;extrema dreta catalana pretenen ocupar el Fossar de les Moreres per sembrar el seu discurs d&#8217;odi.<\/p>\n\n\n\n<p class=\"wp-block-paragraph\">L&#8217;antifeixisme catal\u00e0 ens neguem a permetre que la intoler\u00e0ncia tingui veu a la nostra ciutat.<\/p>\n\n\n\n<p class=\"wp-block-paragraph\">\u00c9s per aix\u00f2 que el moviment antifeixista convoca una manifestaci\u00f3 de resposta per no cedir cap espai a l&#8217;extrema dreta.<\/p>\n\n\n\n<p class=\"wp-block-paragraph\">Al districte de Sant Andreu quedarem <strong>a les 17h a La Cin\u00e8tika <\/strong>per anar juntes a la mani!<br>(Siguem puntuals, marxarem 17:20 m\u00e0xim)<\/p>\n\n\n\n<p class=\"wp-block-paragraph\"><strong>Per una terra de tothom, fem fora l&#8217;extrema dreta!<\/strong><\/p>\n","protected":false},"excerpt":{"rendered":"<div class=\"mh-excerpt\"><p>El dijous 10 de setembre Alian\u00e7a Catalana i l&#8217;extrema dreta catalana pretenen ocupar el Fossar de les Moreres per sembrar el seu discurs d&#8217;odi. L&#8217;antifeixisme catal\u00e0 ens neguem a permetre que la intoler\u00e0ncia tingui veu a la nostra ciutat. \u00c9s per aix\u00f2 que el moviment antifeixista convoca una manifestaci\u00f3 de <a class=\"mh-excerpt-more\" href=\"https:\/\/blogs.sindominio.net\/lacinetika\/2026\/08\/31\/10-09-26-fem-fora-lextrema-dreta-del-fossar-de-les-moreres\/\" title=\"10\/09\/26 Fem fora l&#8217;extrema dreta del Fossar de les Moreres!\">[&#8230;]<\/a><\/p>\n<\/div>","protected":false},"author":261,"featured_media":29794,"comment_status":"closed","ping_status":"closed","sticky":false,"template":"","format":"standard","meta":{"_jetpack_newsletter_access":"","_jetpack_dont_email_post_to_subs":false,"_jetpack_newsletter_tier_id":0,"_jetpack_memberships_contains_paywalled_content":false,"_jetpack_memberships_contains_paid_content":false,"footnotes":""},"categories":[2,3],"tags":[],"class_list":["post-29793","post","type-post","status-publish","format-standard","has-post-thumbnail","hentry","category-collectius","category-la-cinetika-rules"],"jetpack_sharing_enabled":true,"jetpack_featured_media_url":"https:\/\/blogs.sindominio.net\/lacinetika\/files\/2026\/08\/photo_2026-08-27_17-05-12.jpg","_links":{"self":[{"href":"https:\/\/blogs.sindominio.net\/lacinetika\/wp-json\/wp\/v2\/posts\/29793","targetHints":{"allow":["GET"]}}],"collection":[{"href":"https:\/\/blogs.sindominio.net\/lacinetika\/wp-json\/wp\/v2\/posts"}],"about":[{"href":"https:\/\/blogs.sindominio.net\/lacinetika\/wp-json\/wp\/v2\/types\/post"}],"author":[{"embeddable":true,"href":"https:\/\/blogs.sindominio.net\/lacinetika\/wp-json\/wp\/v2\/users\/261"}],"replies":[{"embeddable":true,"href":"https:\/\/blogs.sindominio.net\/lacinetika\/wp-json\/wp\/v2\/comments?post=29793"}],"version-history":[{"count":1,"href":"https:\/\/blogs.sindominio.net\/lacinetika\/wp-json\/wp\/v2\/posts\/29793\/revisions"}],"predecessor-version":[{"id":29795,"href":"https:\/\/blogs.sindominio.net\/lacinetika\/wp-json\/wp\/v2\/posts\/29793\/revisions\/29795"}],"wp:featuredmedia":[{"embeddable":true,"href":"https:\/\/blogs.sindominio.net\/lacinetika\/wp-json\/wp\/v2\/media\/29794"}],"wp:attachment":[{"href":"https:\/\/blogs.sindominio.net\/lacinetika\/wp-json\/wp\/v2\/media?parent=29793"}],"wp:term":[{"taxonomy":"category","embeddable":true,"href":"https:\/\/blogs.sindominio.net\/lacinetika\/wp-json\/wp\/v2\/categories?post=29793"},{"taxonomy":"post_tag","embeddable":true,"href":"https:\/\/blogs.sindominio.net\/lacinetika\/wp-json\/wp\/v2\/tags?post=29793"}],"curies":[{"name":"wp","href":"https:\/\/api.w.org\/{rel}","templated":true}]}}