{"id":28070,"date":"2026-04-30T10:18:46","date_gmt":"2026-04-30T08:18:46","guid":{"rendered":"https:\/\/blogs.sindominio.net\/lacinetika\/?p=28070"},"modified":"2026-04-30T10:22:25","modified_gmt":"2026-04-30T08:22:25","slug":"aixo-es-avui-30-04-26-han-atacat-la-flotilla-totes-al-carrer-per-palestina","status":"publish","type":"post","link":"https:\/\/blogs.sindominio.net\/lacinetika\/2026\/04\/30\/aixo-es-avui-30-04-26-han-atacat-la-flotilla-totes-al-carrer-per-palestina\/","title":{"rendered":"Aix\u00f2 \u00e9s avui: 30\/04\/26 Han atacat la Flotilla! Totes al carrer per Palestina!"},"content":{"rendered":"\n<figure class=\"wp-block-image size-large\"><img loading=\"lazy\" decoding=\"async\" width=\"836\" height=\"1024\" src=\"https:\/\/blogs.sindominio.net\/lacinetika\/files\/2026\/04\/photo_2026-04-30_10-08-47-836x1024.jpg\" alt=\"\" class=\"wp-image-28071\" srcset=\"https:\/\/blogs.sindominio.net\/lacinetika\/files\/2026\/04\/photo_2026-04-30_10-08-47-836x1024.jpg 836w, https:\/\/blogs.sindominio.net\/lacinetika\/files\/2026\/04\/photo_2026-04-30_10-08-47-245x300.jpg 245w, https:\/\/blogs.sindominio.net\/lacinetika\/files\/2026\/04\/photo_2026-04-30_10-08-47-768x941.jpg 768w, https:\/\/blogs.sindominio.net\/lacinetika\/files\/2026\/04\/photo_2026-04-30_10-08-47.jpg 863w\" sizes=\"auto, (max-width: 836px) 100vw, 836px\" \/><\/figure>\n\n\n\n<p>Bon dia companyes!<\/p>\n\n\n\n<p>Aquesta nit Israel a assaltat la flotilla en aig\u00fces internacionals prop de Gr\u00e8cia.<br>Aquest \u00e9s un atac directe a la resist\u00e8ncia dels pobles i al dret internacional.<br>Israel junt amb els EUA es creuen els amos del m\u00f3n.<br><br>Per\u00f2 el m\u00f3n \u00e9s nostre, de les persones que el vivim i el defensem.<br>I cal que com a internacionalistes estiguem a l&#8217;altura i responguem de forma contundent<\/p>\n\n\n\n<p><strong>Aquesta tarda sortim al carrer per Palestina i per la llibertat del m\u00f3n que volem; avui a les 19h a la pla\u00e7a de Sants, Totes al carrer!<\/strong><\/p>\n","protected":false},"excerpt":{"rendered":"<div class=\"mh-excerpt\"><p>Bon dia companyes! Aquesta nit Israel a assaltat la flotilla en aig\u00fces internacionals prop de Gr\u00e8cia.Aquest \u00e9s un atac directe a la resist\u00e8ncia dels pobles i al dret internacional.Israel junt amb els EUA es creuen els amos del m\u00f3n. Per\u00f2 el m\u00f3n \u00e9s nostre, de les persones que el vivim <a class=\"mh-excerpt-more\" href=\"https:\/\/blogs.sindominio.net\/lacinetika\/2026\/04\/30\/aixo-es-avui-30-04-26-han-atacat-la-flotilla-totes-al-carrer-per-palestina\/\" title=\"Aix\u00f2 \u00e9s avui: 30\/04\/26 Han atacat la Flotilla! Totes al carrer per Palestina!\">[&#8230;]<\/a><\/p>\n<\/div>","protected":false},"author":261,"featured_media":28071,"comment_status":"closed","ping_status":"closed","sticky":false,"template":"","format":"standard","meta":{"_jetpack_memberships_contains_paid_content":false,"footnotes":""},"categories":[3],"tags":[],"class_list":["post-28070","post","type-post","status-publish","format-standard","has-post-thumbnail","hentry","category-la-cinetika-rules"],"jetpack_featured_media_url":"https:\/\/blogs.sindominio.net\/lacinetika\/files\/2026\/04\/photo_2026-04-30_10-08-47.jpg","jetpack_sharing_enabled":true,"_links":{"self":[{"href":"https:\/\/blogs.sindominio.net\/lacinetika\/wp-json\/wp\/v2\/posts\/28070","targetHints":{"allow":["GET"]}}],"collection":[{"href":"https:\/\/blogs.sindominio.net\/lacinetika\/wp-json\/wp\/v2\/posts"}],"about":[{"href":"https:\/\/blogs.sindominio.net\/lacinetika\/wp-json\/wp\/v2\/types\/post"}],"author":[{"embeddable":true,"href":"https:\/\/blogs.sindominio.net\/lacinetika\/wp-json\/wp\/v2\/users\/261"}],"replies":[{"embeddable":true,"href":"https:\/\/blogs.sindominio.net\/lacinetika\/wp-json\/wp\/v2\/comments?post=28070"}],"version-history":[{"count":2,"href":"https:\/\/blogs.sindominio.net\/lacinetika\/wp-json\/wp\/v2\/posts\/28070\/revisions"}],"predecessor-version":[{"id":28073,"href":"https:\/\/blogs.sindominio.net\/lacinetika\/wp-json\/wp\/v2\/posts\/28070\/revisions\/28073"}],"wp:featuredmedia":[{"embeddable":true,"href":"https:\/\/blogs.sindominio.net\/lacinetika\/wp-json\/wp\/v2\/media\/28071"}],"wp:attachment":[{"href":"https:\/\/blogs.sindominio.net\/lacinetika\/wp-json\/wp\/v2\/media?parent=28070"}],"wp:term":[{"taxonomy":"category","embeddable":true,"href":"https:\/\/blogs.sindominio.net\/lacinetika\/wp-json\/wp\/v2\/categories?post=28070"},{"taxonomy":"post_tag","embeddable":true,"href":"https:\/\/blogs.sindominio.net\/lacinetika\/wp-json\/wp\/v2\/tags?post=28070"}],"curies":[{"name":"wp","href":"https:\/\/api.w.org\/{rel}","templated":true}]}}