{"id":22199,"date":"2025-03-29T11:48:00","date_gmt":"2025-03-29T09:48:00","guid":{"rendered":"https:\/\/lacinetika.wordpress.com\/?p=22199"},"modified":"2025-03-29T11:48:00","modified_gmt":"2025-03-29T09:48:00","slug":"aixo-es-avui-29-03-25-19h-animatika-projectara-suzume-dir-makoro-shinkai-vose-2020","status":"publish","type":"post","link":"https:\/\/blogs.sindominio.net\/lacinetika\/2025\/03\/29\/aixo-es-avui-29-03-25-19h-animatika-projectara-suzume-dir-makoro-shinkai-vose-2020\/","title":{"rendered":"Aix\u00f2 \u00e9s avui: 29\/03\/25 \u2013 19h \u2013 Anim\u00e0tika projectar\u00e0 Suzume, Dir. Makoro Shinkai, VOSE\u00a0(2020)"},"content":{"rendered":"\n<figure class=\"wp-block-image size-large\"><img loading=\"lazy\" decoding=\"async\" width=\"1241\" height=\"1755\" src=\"https:\/\/blogs.sindominio.net\/cinetika\/files\/2025\/03\/suzume_p_page-0001.jpg?w=724\" alt=\"\" class=\"wp-image-22196\" srcset=\"https:\/\/blogs.sindominio.net\/lacinetika\/files\/2025\/03\/suzume_p_page-0001.jpg 1241w, https:\/\/blogs.sindominio.net\/lacinetika\/files\/2025\/03\/suzume_p_page-0001-212x300.jpg 212w, https:\/\/blogs.sindominio.net\/lacinetika\/files\/2025\/03\/suzume_p_page-0001-724x1024.jpg 724w, https:\/\/blogs.sindominio.net\/lacinetika\/files\/2025\/03\/suzume_p_page-0001-768x1086.jpg 768w, https:\/\/blogs.sindominio.net\/lacinetika\/files\/2025\/03\/suzume_p_page-0001-1086x1536.jpg 1086w\" sizes=\"auto, (max-width: 1241px) 100vw, 1241px\" \/><\/figure>\n\n\n\n<p><strong>Avui dissabte 29 de mar\u00e7 a les 19h<\/strong>, Anim\u00e0tika projectar\u00e0 <strong>Suzume<\/strong>, dirigida per Makoro Shinkai, VOSE, de 122 minuts de durada (2020).<\/p>\n\n\n\n<p><br><strong>Sinopsi:<\/strong><br>Tornem amb l\u2019\u00faltim anime del director de Your Name, la m\u00e9s ambiciosa obra de Makoto Shinkai, <strong>Suzume<\/strong>!<br><br>Suzume coneix un misteri\u00f3s jove que busca una \u201cporta\u201d. Junts, troben una porta vella en una casa abandonada a les muntanyes. Com si alguna cosa estir\u00e9s d\u2019ella, Suzume est\u00e9n la m\u00e0 cap a la porta, cosa que comen\u00e7a una s\u00e8rie d\u2019esdeveniments desafortunats a tot el Jap\u00f3.<\/p>\n\n\n\n<p>Una peli sobre espais abandonats tornant a la vida gr\u00e0cies a l\u2019esfor\u00e7 i l\u2019amor de la joventut. Qu\u00e8 millor per la tornada de les projeccions regulars d\u2019Anim\u00e0tika a la Cin\u00e8tika!!<\/p>\n\n\n\n<p>Com sempre, taquilla inversa i hi ha barra i crispetes. Us hi esperem!!<\/p>\n","protected":false},"excerpt":{"rendered":"<div class=\"mh-excerpt\"><p>Avui dissabte 29 de mar\u00e7 a les 19h, Anim\u00e0tika projectar\u00e0 Suzume, dirigida per Makoro Shinkai, VOSE, de 122 minuts de durada (2020). Sinopsi:Tornem amb l\u2019\u00faltim anime del director de Your Name, la m\u00e9s ambiciosa obra de Makoto Shinkai, Suzume! Suzume coneix un misteri\u00f3s jove que busca una \u201cporta\u201d. Junts, troben <a class=\"mh-excerpt-more\" href=\"https:\/\/blogs.sindominio.net\/lacinetika\/2025\/03\/29\/aixo-es-avui-29-03-25-19h-animatika-projectara-suzume-dir-makoro-shinkai-vose-2020\/\" title=\"Aix\u00f2 \u00e9s avui: 29\/03\/25 \u2013 19h \u2013 Anim\u00e0tika projectar\u00e0 Suzume, Dir. Makoro Shinkai, VOSE\u00a0(2020)\">[&#8230;]<\/a><\/p>\n<\/div>","protected":false},"author":261,"featured_media":22196,"comment_status":"open","ping_status":"open","sticky":false,"template":"","format":"standard","meta":{"_jetpack_memberships_contains_paid_content":false,"footnotes":""},"categories":[4],"tags":[],"class_list":["post-22199","post","type-post","status-publish","format-standard","has-post-thumbnail","hentry","category-projectes"],"jetpack_featured_media_url":"https:\/\/blogs.sindominio.net\/lacinetika\/files\/2025\/03\/suzume_p_page-0001.jpg","jetpack_sharing_enabled":true,"_links":{"self":[{"href":"https:\/\/blogs.sindominio.net\/lacinetika\/wp-json\/wp\/v2\/posts\/22199","targetHints":{"allow":["GET"]}}],"collection":[{"href":"https:\/\/blogs.sindominio.net\/lacinetika\/wp-json\/wp\/v2\/posts"}],"about":[{"href":"https:\/\/blogs.sindominio.net\/lacinetika\/wp-json\/wp\/v2\/types\/post"}],"author":[{"embeddable":true,"href":"https:\/\/blogs.sindominio.net\/lacinetika\/wp-json\/wp\/v2\/users\/261"}],"replies":[{"embeddable":true,"href":"https:\/\/blogs.sindominio.net\/lacinetika\/wp-json\/wp\/v2\/comments?post=22199"}],"version-history":[{"count":0,"href":"https:\/\/blogs.sindominio.net\/lacinetika\/wp-json\/wp\/v2\/posts\/22199\/revisions"}],"wp:featuredmedia":[{"embeddable":true,"href":"https:\/\/blogs.sindominio.net\/lacinetika\/wp-json\/wp\/v2\/media\/22196"}],"wp:attachment":[{"href":"https:\/\/blogs.sindominio.net\/lacinetika\/wp-json\/wp\/v2\/media?parent=22199"}],"wp:term":[{"taxonomy":"category","embeddable":true,"href":"https:\/\/blogs.sindominio.net\/lacinetika\/wp-json\/wp\/v2\/categories?post=22199"},{"taxonomy":"post_tag","embeddable":true,"href":"https:\/\/blogs.sindominio.net\/lacinetika\/wp-json\/wp\/v2\/tags?post=22199"}],"curies":[{"name":"wp","href":"https:\/\/api.w.org\/{rel}","templated":true}]}}