{"id":20425,"date":"2024-09-24T15:22:31","date_gmt":"2024-09-24T13:22:31","guid":{"rendered":"https:\/\/lacinetika.wordpress.com\/?p=20425"},"modified":"2024-09-24T15:22:31","modified_gmt":"2024-09-24T13:22:31","slug":"27-09-24-dinar-columna-cap-a-la-mani-de-la-tarde-a-barcelona-27s-vaga-per-palestina","status":"publish","type":"post","link":"https:\/\/blogs.sindominio.net\/lacinetika\/2024\/09\/24\/27-09-24-dinar-columna-cap-a-la-mani-de-la-tarde-a-barcelona-27s-vaga-per-palestina\/","title":{"rendered":"27\/09\/24 Dinar + Columna cap a la mani de la tarde a Barcelona. 27S Vaga per Palestina"},"content":{"rendered":"\n<figure class=\"wp-block-image size-large\"><img loading=\"lazy\" decoding=\"async\" width=\"905\" height=\"1280\" src=\"https:\/\/blogs.sindominio.net\/cinetika\/files\/2024\/09\/photo_2024-09-24_15-17-30.jpg?w=724\" alt=\"\" class=\"wp-image-20426\" srcset=\"https:\/\/blogs.sindominio.net\/lacinetika\/files\/2024\/09\/photo_2024-09-24_15-17-30.jpg 905w, https:\/\/blogs.sindominio.net\/lacinetika\/files\/2024\/09\/photo_2024-09-24_15-17-30-212x300.jpg 212w, https:\/\/blogs.sindominio.net\/lacinetika\/files\/2024\/09\/photo_2024-09-24_15-17-30-724x1024.jpg 724w, https:\/\/blogs.sindominio.net\/lacinetika\/files\/2024\/09\/photo_2024-09-24_15-17-30-768x1086.jpg 768w\" sizes=\"auto, (max-width: 905px) 100vw, 905px\" \/><\/figure>\n\n\n\n<p><strong>El divendres 27 de setembre a les 14h<\/strong> hi haur\u00e0 un dinar per totes les vaguistes solid\u00e0ries.<br>I despr\u00e9s, <strong>a les 17h <\/strong>sortirem en columna cap a la manifestaci\u00f3 a Barcelona.<\/p>\n\n\n\n<figure class=\"wp-block-image size-large\"><img loading=\"lazy\" decoding=\"async\" width=\"906\" height=\"1280\" src=\"https:\/\/blogs.sindominio.net\/cinetika\/files\/2024\/09\/photo_2024-09-24_15-17-35.jpg?w=725\" alt=\"\" class=\"wp-image-20429\" srcset=\"https:\/\/blogs.sindominio.net\/lacinetika\/files\/2024\/09\/photo_2024-09-24_15-17-35.jpg 906w, https:\/\/blogs.sindominio.net\/lacinetika\/files\/2024\/09\/photo_2024-09-24_15-17-35-212x300.jpg 212w, https:\/\/blogs.sindominio.net\/lacinetika\/files\/2024\/09\/photo_2024-09-24_15-17-35-725x1024.jpg 725w, https:\/\/blogs.sindominio.net\/lacinetika\/files\/2024\/09\/photo_2024-09-24_15-17-35-768x1085.jpg 768w\" sizes=\"auto, (max-width: 906px) 100vw, 906px\" \/><\/figure>\n","protected":false},"excerpt":{"rendered":"<div class=\"mh-excerpt\"><p>El divendres 27 de setembre a les 14h hi haur\u00e0 un dinar per totes les vaguistes solid\u00e0ries.I despr\u00e9s, a les 17h sortirem en columna cap a la manifestaci\u00f3 a Barcelona.<\/p>\n<\/div>","protected":false},"author":261,"featured_media":20426,"comment_status":"open","ping_status":"open","sticky":false,"template":"","format":"standard","meta":{"_jetpack_memberships_contains_paid_content":false,"footnotes":""},"categories":[3],"tags":[],"class_list":["post-20425","post","type-post","status-publish","format-standard","has-post-thumbnail","hentry","category-la-cinetika-rules"],"jetpack_featured_media_url":"https:\/\/blogs.sindominio.net\/lacinetika\/files\/2024\/09\/photo_2024-09-24_15-17-30.jpg","jetpack_sharing_enabled":true,"_links":{"self":[{"href":"https:\/\/blogs.sindominio.net\/lacinetika\/wp-json\/wp\/v2\/posts\/20425","targetHints":{"allow":["GET"]}}],"collection":[{"href":"https:\/\/blogs.sindominio.net\/lacinetika\/wp-json\/wp\/v2\/posts"}],"about":[{"href":"https:\/\/blogs.sindominio.net\/lacinetika\/wp-json\/wp\/v2\/types\/post"}],"author":[{"embeddable":true,"href":"https:\/\/blogs.sindominio.net\/lacinetika\/wp-json\/wp\/v2\/users\/261"}],"replies":[{"embeddable":true,"href":"https:\/\/blogs.sindominio.net\/lacinetika\/wp-json\/wp\/v2\/comments?post=20425"}],"version-history":[{"count":0,"href":"https:\/\/blogs.sindominio.net\/lacinetika\/wp-json\/wp\/v2\/posts\/20425\/revisions"}],"wp:featuredmedia":[{"embeddable":true,"href":"https:\/\/blogs.sindominio.net\/lacinetika\/wp-json\/wp\/v2\/media\/20426"}],"wp:attachment":[{"href":"https:\/\/blogs.sindominio.net\/lacinetika\/wp-json\/wp\/v2\/media?parent=20425"}],"wp:term":[{"taxonomy":"category","embeddable":true,"href":"https:\/\/blogs.sindominio.net\/lacinetika\/wp-json\/wp\/v2\/categories?post=20425"},{"taxonomy":"post_tag","embeddable":true,"href":"https:\/\/blogs.sindominio.net\/lacinetika\/wp-json\/wp\/v2\/tags?post=20425"}],"curies":[{"name":"wp","href":"https:\/\/api.w.org\/{rel}","templated":true}]}}