{"id":15262,"date":"2023-07-05T12:46:51","date_gmt":"2023-07-05T10:46:51","guid":{"rendered":"https:\/\/lacinetika.wordpress.com\/?p=15262"},"modified":"2023-07-05T12:46:51","modified_gmt":"2023-07-05T10:46:51","slug":"aixo-es-avui-5-07-23-projeccio-de-the-empty-man-vose-2020","status":"publish","type":"post","link":"https:\/\/blogs.sindominio.net\/lacinetika\/2023\/07\/05\/aixo-es-avui-5-07-23-projeccio-de-the-empty-man-vose-2020\/","title":{"rendered":"Aix\u00f2 \u00e9s avui: 5\/07\/23 Projecci\u00f3 de The Empty Man, VOSE (2020)"},"content":{"rendered":"\n<figure class=\"wp-block-image size-large\"><img loading=\"lazy\" decoding=\"async\" width=\"1066\" height=\"1600\" src=\"https:\/\/blogs.sindominio.net\/cinetika\/files\/2023\/07\/emptyman.jpg?w=682\" alt=\"\" class=\"wp-image-15263\" srcset=\"https:\/\/blogs.sindominio.net\/lacinetika\/files\/2023\/07\/emptyman.jpg 1066w, https:\/\/blogs.sindominio.net\/lacinetika\/files\/2023\/07\/emptyman-200x300.jpg 200w, https:\/\/blogs.sindominio.net\/lacinetika\/files\/2023\/07\/emptyman-682x1024.jpg 682w, https:\/\/blogs.sindominio.net\/lacinetika\/files\/2023\/07\/emptyman-768x1153.jpg 768w, https:\/\/blogs.sindominio.net\/lacinetika\/files\/2023\/07\/emptyman-1023x1536.jpg 1023w\" sizes=\"auto, (max-width: 1066px) 100vw, 1066px\" \/><\/figure>\n\n\n\n<p>Ser\u00e0 <strong>avui dimecres 5 de juliol a les 19h<\/strong>.<\/p>\n\n\n\n<p><strong>19h THE EMPTY MAN (David Prior, 2020, 137min) VOSE<\/strong><\/p>\n\n\n\n<p>Pel.l\u00edcula de terror que forma part de les projeccions de cinema de culte dels dimecres:  <strong>The Empty Man<\/strong> \u00e9s un entrecreuament de thriller detectivesc i horror sobrenatural, al qual un ex-polic\u00eda a la cerca d&#8217;una noia desapareguda es topa amb una llegenda urbana aterradora i una secta que amaga alguna cosa.<\/p>\n\n\n\n<p>Tots els diners de la taquilla inversa seran destinades a la conservaci\u00f3 i millora de l\u2019espai i a millorar l&#8217;equipament t\u00e8cnic de la sala.<\/p>\n","protected":false},"excerpt":{"rendered":"<div class=\"mh-excerpt\"><p>Ser\u00e0 avui dimecres 5 de juliol a les 19h. 19h THE EMPTY MAN (David Prior, 2020, 137min) VOSE Pel.l\u00edcula de terror que forma part de les projeccions de cinema de culte dels dimecres: The Empty Man \u00e9s un entrecreuament de thriller detectivesc i horror sobrenatural, al qual un ex-polic\u00eda a <a class=\"mh-excerpt-more\" href=\"https:\/\/blogs.sindominio.net\/lacinetika\/2023\/07\/05\/aixo-es-avui-5-07-23-projeccio-de-the-empty-man-vose-2020\/\" title=\"Aix\u00f2 \u00e9s avui: 5\/07\/23 Projecci\u00f3 de The Empty Man, VOSE (2020)\">[&#8230;]<\/a><\/p>\n<\/div>","protected":false},"author":261,"featured_media":15263,"comment_status":"open","ping_status":"open","sticky":false,"template":"","format":"standard","meta":{"_jetpack_memberships_contains_paid_content":false,"footnotes":""},"categories":[3],"tags":[],"class_list":["post-15262","post","type-post","status-publish","format-standard","has-post-thumbnail","hentry","category-la-cinetika-rules"],"jetpack_featured_media_url":"https:\/\/blogs.sindominio.net\/lacinetika\/files\/2023\/07\/emptyman.jpg","jetpack_sharing_enabled":true,"_links":{"self":[{"href":"https:\/\/blogs.sindominio.net\/lacinetika\/wp-json\/wp\/v2\/posts\/15262","targetHints":{"allow":["GET"]}}],"collection":[{"href":"https:\/\/blogs.sindominio.net\/lacinetika\/wp-json\/wp\/v2\/posts"}],"about":[{"href":"https:\/\/blogs.sindominio.net\/lacinetika\/wp-json\/wp\/v2\/types\/post"}],"author":[{"embeddable":true,"href":"https:\/\/blogs.sindominio.net\/lacinetika\/wp-json\/wp\/v2\/users\/261"}],"replies":[{"embeddable":true,"href":"https:\/\/blogs.sindominio.net\/lacinetika\/wp-json\/wp\/v2\/comments?post=15262"}],"version-history":[{"count":0,"href":"https:\/\/blogs.sindominio.net\/lacinetika\/wp-json\/wp\/v2\/posts\/15262\/revisions"}],"wp:featuredmedia":[{"embeddable":true,"href":"https:\/\/blogs.sindominio.net\/lacinetika\/wp-json\/wp\/v2\/media\/15263"}],"wp:attachment":[{"href":"https:\/\/blogs.sindominio.net\/lacinetika\/wp-json\/wp\/v2\/media?parent=15262"}],"wp:term":[{"taxonomy":"category","embeddable":true,"href":"https:\/\/blogs.sindominio.net\/lacinetika\/wp-json\/wp\/v2\/categories?post=15262"},{"taxonomy":"post_tag","embeddable":true,"href":"https:\/\/blogs.sindominio.net\/lacinetika\/wp-json\/wp\/v2\/tags?post=15262"}],"curies":[{"name":"wp","href":"https:\/\/api.w.org\/{rel}","templated":true}]}}