{"id":14433,"date":"2023-05-22T11:14:00","date_gmt":"2023-05-22T09:14:00","guid":{"rendered":"https:\/\/lacinetika.wordpress.com\/?p=14433"},"modified":"2023-05-22T11:14:00","modified_gmt":"2023-05-22T09:14:00","slug":"aixo-es-avui-22-05-23-el-territorio-1981-dir-raul-ruiz","status":"publish","type":"post","link":"https:\/\/blogs.sindominio.net\/lacinetika\/2023\/05\/22\/aixo-es-avui-22-05-23-el-territorio-1981-dir-raul-ruiz\/","title":{"rendered":"Aix\u00f2 \u00e9s avui: 22\/05\/23 El territorio (1981) Dir: Ra\u00fal Ruiz"},"content":{"rendered":"\n<figure class=\"wp-block-image size-large\"><img loading=\"lazy\" decoding=\"async\" width=\"1754\" height=\"1240\" src=\"https:\/\/blogs.sindominio.net\/cinetika\/files\/2023\/04\/proyecciones-grieta-22-05-23.jpg?w=1024\" alt=\"\" class=\"wp-image-14430\" srcset=\"https:\/\/blogs.sindominio.net\/lacinetika\/files\/2023\/04\/proyecciones-grieta-22-05-23.jpg 1754w, https:\/\/blogs.sindominio.net\/lacinetika\/files\/2023\/04\/proyecciones-grieta-22-05-23-300x212.jpg 300w, https:\/\/blogs.sindominio.net\/lacinetika\/files\/2023\/04\/proyecciones-grieta-22-05-23-1024x724.jpg 1024w, https:\/\/blogs.sindominio.net\/lacinetika\/files\/2023\/04\/proyecciones-grieta-22-05-23-768x543.jpg 768w, https:\/\/blogs.sindominio.net\/lacinetika\/files\/2023\/04\/proyecciones-grieta-22-05-23-1536x1086.jpg 1536w\" sizes=\"auto, (max-width: 1754px) 100vw, 1754px\" \/><\/figure>\n\n\n\n<p><strong>El dilluns 22 de maig a les 19:30h<\/strong> Proyecciones Grieta projectar\u00e0 <strong>El territorio<\/strong> de 1981 de 90 minuts de durada i dirigida per Ra\u00fal Ruiz.<\/p>\n\n\n\n<p><br>Un petit grup de turistes adinerats se&#8217;n va d&#8217;excursi\u00f3 al bosc. Sense cap preparaci\u00f3 per enfrontar-se a la Mare Natura i la seva pr\u00f2pia situaci\u00f3, passegen perduts durant dies i setmanes, trobant-se cada vegada m\u00e9s cansats, famolencs i desesperats.<\/p>\n","protected":false},"excerpt":{"rendered":"<div class=\"mh-excerpt\"><p>El dilluns 22 de maig a les 19:30h Proyecciones Grieta projectar\u00e0 El territorio de 1981 de 90 minuts de durada i dirigida per Ra\u00fal Ruiz. Un petit grup de turistes adinerats se&#8217;n va d&#8217;excursi\u00f3 al bosc. Sense cap preparaci\u00f3 per enfrontar-se a la Mare Natura i la seva pr\u00f2pia situaci\u00f3, <a class=\"mh-excerpt-more\" href=\"https:\/\/blogs.sindominio.net\/lacinetika\/2023\/05\/22\/aixo-es-avui-22-05-23-el-territorio-1981-dir-raul-ruiz\/\" title=\"Aix\u00f2 \u00e9s avui: 22\/05\/23 El territorio (1981) Dir: Ra\u00fal Ruiz\">[&#8230;]<\/a><\/p>\n<\/div>","protected":false},"author":261,"featured_media":14430,"comment_status":"open","ping_status":"open","sticky":false,"template":"","format":"standard","meta":{"_jetpack_memberships_contains_paid_content":false,"footnotes":""},"categories":[4],"tags":[],"class_list":["post-14433","post","type-post","status-publish","format-standard","has-post-thumbnail","hentry","category-projectes"],"jetpack_featured_media_url":"https:\/\/blogs.sindominio.net\/lacinetika\/files\/2023\/04\/proyecciones-grieta-22-05-23.jpg","jetpack_sharing_enabled":true,"_links":{"self":[{"href":"https:\/\/blogs.sindominio.net\/lacinetika\/wp-json\/wp\/v2\/posts\/14433","targetHints":{"allow":["GET"]}}],"collection":[{"href":"https:\/\/blogs.sindominio.net\/lacinetika\/wp-json\/wp\/v2\/posts"}],"about":[{"href":"https:\/\/blogs.sindominio.net\/lacinetika\/wp-json\/wp\/v2\/types\/post"}],"author":[{"embeddable":true,"href":"https:\/\/blogs.sindominio.net\/lacinetika\/wp-json\/wp\/v2\/users\/261"}],"replies":[{"embeddable":true,"href":"https:\/\/blogs.sindominio.net\/lacinetika\/wp-json\/wp\/v2\/comments?post=14433"}],"version-history":[{"count":0,"href":"https:\/\/blogs.sindominio.net\/lacinetika\/wp-json\/wp\/v2\/posts\/14433\/revisions"}],"wp:featuredmedia":[{"embeddable":true,"href":"https:\/\/blogs.sindominio.net\/lacinetika\/wp-json\/wp\/v2\/media\/14430"}],"wp:attachment":[{"href":"https:\/\/blogs.sindominio.net\/lacinetika\/wp-json\/wp\/v2\/media?parent=14433"}],"wp:term":[{"taxonomy":"category","embeddable":true,"href":"https:\/\/blogs.sindominio.net\/lacinetika\/wp-json\/wp\/v2\/categories?post=14433"},{"taxonomy":"post_tag","embeddable":true,"href":"https:\/\/blogs.sindominio.net\/lacinetika\/wp-json\/wp\/v2\/tags?post=14433"}],"curies":[{"name":"wp","href":"https:\/\/api.w.org\/{rel}","templated":true}]}}