{"id":3514,"date":"2014-03-03T16:12:43","date_gmt":"2014-03-03T15:12:43","guid":{"rendered":"http:\/\/okupa.noblezabaturra.org\/?p=3514"},"modified":"2014-03-03T16:12:43","modified_gmt":"2014-03-03T15:12:43","slug":"cafeta-activa-marzo","status":"publish","type":"post","link":"https:\/\/blogs.sindominio.net\/kikemur\/2014\/03\/03\/cafeta-activa-marzo\/","title":{"rendered":"Cafeta Activa Marzo"},"content":{"rendered":"<p><strong>La <a title=\"Cafeter\u00eda\" href=\"http:\/\/okupa.noblezabaturra.org\/cso-kike-mur\/cafeteria\/\">cafeter\u00eda<\/a> est\u00e1 abierta todos los Jueves de 18h a 22h<\/strong> con:<\/p>\n<p>&#8211; Caf\u00e9 solidario con la lucha zapatista y con otros colectivos autogestionados. M\u00e1s info aqu\u00ed: <a href=\"http:\/\/okupa.noblezabaturra.org\/cso-kike-mur\/cafeteria\/cafe-solidario\/\">CAF\u00c9 SOLIDARIO<\/a><\/p>\n<p>&#8211; Taller de cartas a presxs<\/p>\n<p>&#8211; Material de contrainformaci\u00f3n.<\/p>\n<p>&#8211; Picoteo vegano.<strong><br \/>\n<\/strong><\/p>\n<p>&nbsp;<\/p>\n<p><span style=\"text-decoration: underline\"><a href=\"http:\/\/okupa.noblezabaturra.org\/wp-content\/uploads\/sites\/7\/2013\/02\/cafeta-marzo-baja.png\"><img loading=\"lazy\" decoding=\"async\" class=\"alignleft size-medium wp-image-3512\" alt=\"cafeta marzo baja\" src=\"http:\/\/okupa.noblezabaturra.org\/wp-content\/uploads\/sites\/7\/2013\/02\/cafeta-marzo-baja-214x300.png\" width=\"214\" height=\"300\" \/><\/a>PROGRAMACI\u00d3N MARZO:<\/span><\/p>\n<p><strong>&#8211; Jueves 6<\/strong><br \/>\n<strong>20:00h Proyecci\u00f3n: \u201cD\u00edaz, lo limpi\u00e9is esta sangre\u201d<\/strong> (120 min)<br \/>\n<em>Durante julio del 2001 en G\u00e9nova se produjeron varias manifestaciones como protesta contra la reuni\u00f3n del G8 en dicha localidad italiana. Unos acontecimientos muy representativos para el movimiento antiglobalizaci\u00f3n tanto por la asistencia masiva con el que cont\u00f3 como por la represesi\u00f3n que sufrieron, llegando a causar la muerte del joven Carlo Giuliani.<\/em><\/p>\n<p><em>Esta pel\u00edcula se centra en el \u00faltimo d\u00eda de esas protestas, cuando poco antes de medianoche, m\u00e1s de 300 polic\u00edas asaltaron la escuela Diaz buscando manifestantes. All\u00ed se encontraban 90 activistas, la mayor\u00eda estudiantes europeos, y un grupo de periodistas extranjeros, todos ellos prepar\u00e1ndose para pasar all\u00ed la noche.<\/em><br \/>\n<em> La presencia policial fue respondida por los all\u00ed presentes levantando las manos en se\u00f1al de rendici\u00f3n. Impert\u00e9rritos, los oficiales descargaron una violencia calculada y fren\u00e9tica, golpeando de manera brutal e indiscriminadamente a todos los que se encontraban en el interior. Adem\u00e1s la pel\u00edcula muestra no s\u00f3lo lo que ocurri\u00f3 dentro de la escuela sino las posteriores torturas que sufrieron en comisar\u00eda aquellas personas durante los pr\u00f3ximos d\u00edas.<\/em><\/p>\n<p><strong>&#8211; Jueves 13<\/strong><br \/>\n<strong>20:00h\u00a0 Proyecci\u00f3n: \u201cStreet Politics 101\u2033<\/strong> (33 min)<br \/>\n<em>En la primavera de 2012, una huelga masiva de estudiantes en oposici\u00f3n a la subida de tasas, sacudi\u00f3 las calles de Montreal durante m\u00e1s de 6 meses. Protestas y acciones militantes en la calle se convirtieron en una realidad diaria y nocturna de esta ciudad canadiense. Varias veces durante esta primavera ajetreada, el n\u00famero de personas que se alcanz\u00f3 en las calles fue mayor a 100 mil. La polic\u00eda constantemente aporreaba a los estudiantes y los que les apoyaban, llegando a arrestar a cientos. Algunos de ellos incluso se les prohibi\u00f3 la entrada a la ciudad. Pero cada vez que la polic\u00eda golpeaba, el movimiento de estudiantes se hac\u00eda mayor y m\u00e1s furioso.<\/em><\/p>\n<p><em>Esta es una historia sobre la arrogancia de un gobierno que subestim\u00f3 un grupo de estudiantes quienes a trav\u00e9s de la organizaci\u00f3n, origin\u00f3 algunas de las m\u00e1s grandes manifestaciones en la historia de Canad\u00e1. Pero adem\u00e1s es tambi\u00e9n una historia de c\u00f3mo grupos determinados de anarquistas, educaron a una nueva generaci\u00f3n de estudiantes en la importancia de poseer las calles.<\/em><\/p>\n<p><strong>&#8211; Jueves 20<\/strong><br \/>\n<strong>\u201cNO ESTAMOS TODXS, FALTAN LXS PRESXS\u201d<\/strong><br \/>\n<em>D\u00eda informativo y solidario con todos los y las presas. Habr\u00e1 proyecciones sobre lxs compa\u00f1erxs en prisi\u00f3n , material anticarcelario y sobretodo taller de cartas. Ven y escr\u00edbeles!!<\/em><\/p>\n<p><strong><\/strong><em>La solidaridad y el apoyo mutuo con nuestrxs compa\u00f1erxs presxs son nuestras mejores armas. El escribir una carta es un peque\u00f1o gesto, pero significa algo muy grande para aquellxs que han sido secuestradxs por el estado y sufren la represi\u00f3n y el aislamiento de las prisiones. Lxs presxs necesitan saber que no les olvidamos y que lucharemos hasta el fin por la libertad y hasta que todas las prisiones sean demolidas. <strong>\u00a1PRESXS LIBERTAD!<\/strong><\/em><\/p>\n<p><strong>&#8211; Jueves 27<\/strong><br \/>\n<strong>20:00h Proyecci\u00f3n: \u201cRFID, la polic\u00eda total\u201d<\/strong> (27 min)<br \/>\n<i>Documental franc\u00e9s sobre los usos del microchip RFID y sus aplicaciones en el campo del control social. La ciencia se al\u00eda con el poder para producir mecanismos y dispositivos que disminuyen la libertad. Control de movimientos en la ciudad, control de movimientos de mercanc\u00edas, control del cumplimiento de los designios del poder. La asimilaci\u00f3n de la gente y la generalizaci\u00f3n de su uso supondr\u00edan una mayor reducci\u00f3n de la capacidad de disidencia. Sin embargo, su total aniquilaci\u00f3n, como ut\u00f3picamente desea el Dominio, es imposible en tanto \u00e9l mismo crea las condiciones de miseria que produce a lxs disidentes. <\/i><\/p>\n","protected":false},"excerpt":{"rendered":"<p>La cafeter\u00eda est\u00e1 abierta todos los Jueves de 18h a 22h con: &#8211; Caf\u00e9 solidario con la lucha zapatista y con otros colectivos autogestionados. M\u00e1s info aqu\u00ed: CAF\u00c9 SOLIDARIO &#8211; Taller de cartas a presxs &#8211; Material de contrainformaci\u00f3n. &#8211; Picoteo vegano. &nbsp; PROGRAMACI\u00d3N MARZO: &#8211; Jueves 6 20:00h Proyecci\u00f3n: \u201cD\u00edaz, lo limpi\u00e9is esta sangre\u201d [&hellip;]<\/p>\n","protected":false},"author":229,"featured_media":3512,"comment_status":"open","ping_status":"open","sticky":false,"template":"","format":"standard","meta":{"footnotes":""},"categories":[3],"tags":[],"class_list":{"0":"post-3514","1":"post","2":"type-post","3":"status-publish","4":"format-standard","5":"has-post-thumbnail","7":"category-actividades","8":"czr-hentry"},"_links":{"self":[{"href":"https:\/\/blogs.sindominio.net\/kikemur\/wp-json\/wp\/v2\/posts\/3514","targetHints":{"allow":["GET"]}}],"collection":[{"href":"https:\/\/blogs.sindominio.net\/kikemur\/wp-json\/wp\/v2\/posts"}],"about":[{"href":"https:\/\/blogs.sindominio.net\/kikemur\/wp-json\/wp\/v2\/types\/post"}],"author":[{"embeddable":true,"href":"https:\/\/blogs.sindominio.net\/kikemur\/wp-json\/wp\/v2\/users\/229"}],"replies":[{"embeddable":true,"href":"https:\/\/blogs.sindominio.net\/kikemur\/wp-json\/wp\/v2\/comments?post=3514"}],"version-history":[{"count":0,"href":"https:\/\/blogs.sindominio.net\/kikemur\/wp-json\/wp\/v2\/posts\/3514\/revisions"}],"wp:featuredmedia":[{"embeddable":true,"href":"https:\/\/blogs.sindominio.net\/kikemur\/wp-json\/wp\/v2\/media\/3512"}],"wp:attachment":[{"href":"https:\/\/blogs.sindominio.net\/kikemur\/wp-json\/wp\/v2\/media?parent=3514"}],"wp:term":[{"taxonomy":"category","embeddable":true,"href":"https:\/\/blogs.sindominio.net\/kikemur\/wp-json\/wp\/v2\/categories?post=3514"},{"taxonomy":"post_tag","embeddable":true,"href":"https:\/\/blogs.sindominio.net\/kikemur\/wp-json\/wp\/v2\/tags?post=3514"}],"curies":[{"name":"wp","href":"https:\/\/api.w.org\/{rel}","templated":true}]}}