{"id":85,"date":"2019-05-08T18:48:41","date_gmt":"2019-05-08T16:48:41","guid":{"rendered":"https:\/\/blogs.sindominio.net\/fcab\/?p=85"},"modified":"2023-05-06T18:03:43","modified_gmt":"2023-05-06T16:03:43","slug":"el-sol-del-nord-construint-lautonomia-a-bakur","status":"publish","type":"post","link":"https:\/\/blogs.sindominio.net\/fcab\/2019\/05\/08\/el-sol-del-nord-construint-lautonomia-a-bakur\/","title":{"rendered":"El Sol del Nord &#8211; Construint l&#8217;autonomia a Bakur"},"content":{"rendered":"\n<pre class=\"wp-block-preformatted\"><a href=\"https:\/\/blogs.sindominio.net\/fcab\/2019\/05\/10\/divendres-17-maig\/\">DIVENDRES 17<\/a> <br><br>Durada: 65 minuts<br>Idioma: Kurd, turc, catal\u00e0 i angl\u00e8s<br>Producci\u00f3 i direcci\u00f3: IVARDIA Produccions i Azadi Plataforma en Solidaritat amb el Poble Kurd<br>Data d'estrena: 6 de juny de 2018<\/pre>\n\n\n\n<pre class=\"wp-block-preformatted\"> <br>Sinopsi<br>Es diu que al Kurdistan el sol neix per l'oest, en refer\u00e8ncia al proc\u00e9s revolucionari de Rojava, \u201coest\u201d en kurd. Aquesta regi\u00f3 aut\u00f2noma de S\u00edria \u00e9s coneguda arreu del m\u00f3n perqu\u00e8 ha estat capa\u00e7 d'autogovernar-se democr\u00e0ticament i de defensar-se enmig d\u2019un pa\u00eds en guerra. \u201cEl Sol del Nord\u201d \u00e9s una instant\u00e0nia de la seva germana i ve\u00efna, Bakur, la regi\u00f3 nord del Kurdistan, al sud-est de Turquia, que tamb\u00e9 es troba immersa en la seva pr\u00f2pia lluita per una vida digna.<br>Tot i les condicions de guerra en qu\u00e8 viuen els kurds i les kurdes a Bakur, no es tracta d\u2019un documental sobre el conflicte b\u00e8l\u00b7lic. Es capta un instant d'un proc\u00e9s de resist\u00e8ncia que va iniciar el Partit dels Treballadors del Kurdistan (PKK) l'any 1978 i que s'ha anat transformant fins a l'actualitat. El documental narra com els kurds de Turquia fan els primers passos per aconseguir el seu objectiu: una societat basada en la uni\u00f3 de confederacions que t\u00e9 com a eixos la democr\u00e0cia directa, l'alliberament de la dona i l'ecologia social. <\/pre>\n\n\n\n<ul class=\"wp-block-gallery columns-3 is-cropped wp-block-gallery-1 is-layout-flex wp-block-gallery-is-layout-flex\"><li class=\"blocks-gallery-item\"><figure><img loading=\"lazy\" decoding=\"async\" width=\"910\" height=\"512\" src=\"https:\/\/blogs.sindominio.net\/fcab\/files\/2019\/05\/ESDN_STILL_PUBLI_8.jpg\" alt=\"\" data-id=\"160\" data-link=\"https:\/\/blogs.sindominio.net\/fcab\/esdn_still_publi_8\/\" class=\"wp-image-160\" srcset=\"https:\/\/blogs.sindominio.net\/fcab\/files\/2019\/05\/ESDN_STILL_PUBLI_8.jpg 910w, https:\/\/blogs.sindominio.net\/fcab\/files\/2019\/05\/ESDN_STILL_PUBLI_8-300x169.jpg 300w, https:\/\/blogs.sindominio.net\/fcab\/files\/2019\/05\/ESDN_STILL_PUBLI_8-768x432.jpg 768w, https:\/\/blogs.sindominio.net\/fcab\/files\/2019\/05\/ESDN_STILL_PUBLI_8-528x297.jpg 528w\" sizes=\"auto, (max-width: 910px) 100vw, 910px\" \/><\/figure><\/li><li class=\"blocks-gallery-item\"><figure><img loading=\"lazy\" decoding=\"async\" width=\"910\" height=\"512\" src=\"https:\/\/blogs.sindominio.net\/fcab\/files\/2019\/05\/ESDN_STILL_PUBLI_7.jpg\" alt=\"\" data-id=\"159\" data-link=\"https:\/\/blogs.sindominio.net\/fcab\/esdn_still_publi_7\/\" class=\"wp-image-159\" srcset=\"https:\/\/blogs.sindominio.net\/fcab\/files\/2019\/05\/ESDN_STILL_PUBLI_7.jpg 910w, https:\/\/blogs.sindominio.net\/fcab\/files\/2019\/05\/ESDN_STILL_PUBLI_7-300x169.jpg 300w, https:\/\/blogs.sindominio.net\/fcab\/files\/2019\/05\/ESDN_STILL_PUBLI_7-768x432.jpg 768w, https:\/\/blogs.sindominio.net\/fcab\/files\/2019\/05\/ESDN_STILL_PUBLI_7-528x297.jpg 528w\" sizes=\"auto, (max-width: 910px) 100vw, 910px\" \/><\/figure><\/li><li class=\"blocks-gallery-item\"><figure><img loading=\"lazy\" decoding=\"async\" width=\"910\" height=\"512\" src=\"https:\/\/blogs.sindominio.net\/fcab\/files\/2019\/05\/ESDN_STILL_PUBLI_5.jpg\" alt=\"\" data-id=\"158\" data-link=\"https:\/\/blogs.sindominio.net\/fcab\/esdn_still_publi_5\/\" class=\"wp-image-158\" srcset=\"https:\/\/blogs.sindominio.net\/fcab\/files\/2019\/05\/ESDN_STILL_PUBLI_5.jpg 910w, https:\/\/blogs.sindominio.net\/fcab\/files\/2019\/05\/ESDN_STILL_PUBLI_5-300x169.jpg 300w, https:\/\/blogs.sindominio.net\/fcab\/files\/2019\/05\/ESDN_STILL_PUBLI_5-768x432.jpg 768w, https:\/\/blogs.sindominio.net\/fcab\/files\/2019\/05\/ESDN_STILL_PUBLI_5-528x297.jpg 528w\" sizes=\"auto, (max-width: 910px) 100vw, 910px\" \/><\/figure><\/li><li class=\"blocks-gallery-item\"><figure><img loading=\"lazy\" decoding=\"async\" width=\"910\" height=\"512\" src=\"https:\/\/blogs.sindominio.net\/fcab\/files\/2019\/05\/ESDN_STILL_PUBLI_3.jpg\" alt=\"\" data-id=\"157\" data-link=\"https:\/\/blogs.sindominio.net\/fcab\/esdn_still_publi_3\/\" class=\"wp-image-157\" srcset=\"https:\/\/blogs.sindominio.net\/fcab\/files\/2019\/05\/ESDN_STILL_PUBLI_3.jpg 910w, https:\/\/blogs.sindominio.net\/fcab\/files\/2019\/05\/ESDN_STILL_PUBLI_3-300x169.jpg 300w, https:\/\/blogs.sindominio.net\/fcab\/files\/2019\/05\/ESDN_STILL_PUBLI_3-768x432.jpg 768w, https:\/\/blogs.sindominio.net\/fcab\/files\/2019\/05\/ESDN_STILL_PUBLI_3-528x297.jpg 528w\" sizes=\"auto, (max-width: 910px) 100vw, 910px\" \/><\/figure><\/li><\/ul>\n\n\n\n<figure class=\"wp-block-embed-vimeo wp-block-embed is-type-video is-provider-vimeo wp-embed-aspect-16-9 wp-has-aspect-ratio\"><div class=\"wp-block-embed__wrapper\">\n<iframe loading=\"lazy\" src=\"https:\/\/player.vimeo.com\/video\/272095638?dnt=1&#038;app_id=122963\" width=\"1140\" height=\"641\" frameborder=\"0\" title=\"TR&Agrave;ILER &#039;El Sol del Nord. Construint l&#039;autonomia a Bakur&#039;\" allow=\"autoplay; fullscreen\" allowfullscreen><\/iframe>\n<\/div><\/figure>\n","protected":false},"excerpt":{"rendered":"<p>DIVENDRES 17 Durada: 65 minutsIdioma: Kurd, turc, catal\u00e0 i angl\u00e8sProducci\u00f3 i direcci\u00f3: IVARDIA Produccions i Azadi Plataforma en Solidaritat amb el Poble KurdData d&#8217;estrena: 6 de juny de 2018 SinopsiEs diu que al Kurdistan el sol neix per l&#8217;oest, en refer\u00e8ncia al proc\u00e9s revolucionari de Rojava, \u201coest\u201d en kurd. Aquesta regi\u00f3 aut\u00f2noma de S\u00edria \u00e9s [&hellip;]<\/p>\n","protected":false},"author":170,"featured_media":158,"comment_status":"closed","ping_status":"open","sticky":false,"template":"","format":"standard","meta":{"footnotes":""},"categories":[3],"tags":[],"class_list":{"0":"post-85","1":"post","2":"type-post","3":"status-publish","4":"format-standard","5":"has-post-thumbnail","7":"category-docu","8":"czr-hentry"},"_links":{"self":[{"href":"https:\/\/blogs.sindominio.net\/fcab\/wp-json\/wp\/v2\/posts\/85","targetHints":{"allow":["GET"]}}],"collection":[{"href":"https:\/\/blogs.sindominio.net\/fcab\/wp-json\/wp\/v2\/posts"}],"about":[{"href":"https:\/\/blogs.sindominio.net\/fcab\/wp-json\/wp\/v2\/types\/post"}],"author":[{"embeddable":true,"href":"https:\/\/blogs.sindominio.net\/fcab\/wp-json\/wp\/v2\/users\/170"}],"replies":[{"embeddable":true,"href":"https:\/\/blogs.sindominio.net\/fcab\/wp-json\/wp\/v2\/comments?post=85"}],"version-history":[{"count":3,"href":"https:\/\/blogs.sindominio.net\/fcab\/wp-json\/wp\/v2\/posts\/85\/revisions"}],"predecessor-version":[{"id":265,"href":"https:\/\/blogs.sindominio.net\/fcab\/wp-json\/wp\/v2\/posts\/85\/revisions\/265"}],"wp:featuredmedia":[{"embeddable":true,"href":"https:\/\/blogs.sindominio.net\/fcab\/wp-json\/wp\/v2\/media\/158"}],"wp:attachment":[{"href":"https:\/\/blogs.sindominio.net\/fcab\/wp-json\/wp\/v2\/media?parent=85"}],"wp:term":[{"taxonomy":"category","embeddable":true,"href":"https:\/\/blogs.sindominio.net\/fcab\/wp-json\/wp\/v2\/categories?post=85"},{"taxonomy":"post_tag","embeddable":true,"href":"https:\/\/blogs.sindominio.net\/fcab\/wp-json\/wp\/v2\/tags?post=85"}],"curies":[{"name":"wp","href":"https:\/\/api.w.org\/{rel}","templated":true}]}}