{"id":247,"date":"2019-01-11T12:57:24","date_gmt":"2019-01-11T11:57:24","guid":{"rendered":"https:\/\/blogs.sindominio.net\/fcab\/?p=247"},"modified":"2023-05-06T18:03:44","modified_gmt":"2023-05-06T16:03:44","slug":"con-paquito-era-mejor","status":"publish","type":"post","link":"https:\/\/blogs.sindominio.net\/fcab\/2019\/01\/11\/con-paquito-era-mejor\/","title":{"rendered":"Con Paquito era mejor"},"content":{"rendered":"\n<pre class=\"wp-block-preformatted\"><a href=\"https:\/\/blogs.sindominio.net\/fcab\/2019\/05\/10\/divendres-17-maig\/\">DIVENDRES 17<\/a> <br><br>Durada: 5 minuts<br>Direcci\u00f3 i gui\u00f3: Ad\u00e1n Pichardo<br>Fotografia: Javier Granero<br>M\u00fasica: Carmen Rodr\u00edguez<br>Repartiment: Miguel Rell\u00e1n, Norberto Arribas, Pilar Nogales, Manuel Andres, Alba Galv\u00e1n<br>Any: 2018<\/pre>\n\n\n\n<pre class=\"wp-block-preformatted\">Sinopsi<br>Carmelo piensa que con Paquito era mejor. Se muda (contra su voluntad) a la casa de su hija y su yerno, donde reflejar\u00e1 continuamente su frustraste tesitura, provocando una loca situaci\u00f3n insostenible.<br><\/pre>\n\n\n\n<figure class=\"wp-block-embed-vimeo wp-block-embed is-type-video is-provider-vimeo wp-embed-aspect-16-9 wp-has-aspect-ratio\"><div class=\"wp-block-embed__wrapper\">\n<iframe loading=\"lazy\" src=\"https:\/\/player.vimeo.com\/video\/281478088?dnt=1&#038;app_id=122963\" width=\"1140\" height=\"641\" frameborder=\"0\" title=\"TRAILER - &ldquo;Con Paquito era Mejor&rdquo; (Ad&aacute;n Pichardo, 2018)\" allow=\"autoplay; fullscreen\" allowfullscreen><\/iframe>\n<\/div><\/figure>\n","protected":false},"excerpt":{"rendered":"<p>DIVENDRES 17 Durada: 5 minutsDirecci\u00f3 i gui\u00f3: Ad\u00e1n PichardoFotografia: Javier GraneroM\u00fasica: Carmen Rodr\u00edguezRepartiment: Miguel Rell\u00e1n, Norberto Arribas, Pilar Nogales, Manuel Andres, Alba Galv\u00e1nAny: 2018 SinopsiCarmelo piensa que con Paquito era mejor. Se muda (contra su voluntad) a la casa de su hija y su yerno, donde reflejar\u00e1 continuamente su frustraste tesitura, provocando una loca situaci\u00f3n [&hellip;]<\/p>\n","protected":false},"author":170,"featured_media":248,"comment_status":"closed","ping_status":"open","sticky":false,"template":"","format":"standard","meta":{"footnotes":""},"categories":[6,4],"tags":[],"class_list":{"0":"post-247","1":"post","2":"type-post","3":"status-publish","4":"format-standard","5":"has-post-thumbnail","7":"category-cur","8":"category-fic","9":"czr-hentry"},"_links":{"self":[{"href":"https:\/\/blogs.sindominio.net\/fcab\/wp-json\/wp\/v2\/posts\/247","targetHints":{"allow":["GET"]}}],"collection":[{"href":"https:\/\/blogs.sindominio.net\/fcab\/wp-json\/wp\/v2\/posts"}],"about":[{"href":"https:\/\/blogs.sindominio.net\/fcab\/wp-json\/wp\/v2\/types\/post"}],"author":[{"embeddable":true,"href":"https:\/\/blogs.sindominio.net\/fcab\/wp-json\/wp\/v2\/users\/170"}],"replies":[{"embeddable":true,"href":"https:\/\/blogs.sindominio.net\/fcab\/wp-json\/wp\/v2\/comments?post=247"}],"version-history":[{"count":2,"href":"https:\/\/blogs.sindominio.net\/fcab\/wp-json\/wp\/v2\/posts\/247\/revisions"}],"predecessor-version":[{"id":264,"href":"https:\/\/blogs.sindominio.net\/fcab\/wp-json\/wp\/v2\/posts\/247\/revisions\/264"}],"wp:featuredmedia":[{"embeddable":true,"href":"https:\/\/blogs.sindominio.net\/fcab\/wp-json\/wp\/v2\/media\/248"}],"wp:attachment":[{"href":"https:\/\/blogs.sindominio.net\/fcab\/wp-json\/wp\/v2\/media?parent=247"}],"wp:term":[{"taxonomy":"category","embeddable":true,"href":"https:\/\/blogs.sindominio.net\/fcab\/wp-json\/wp\/v2\/categories?post=247"},{"taxonomy":"post_tag","embeddable":true,"href":"https:\/\/blogs.sindominio.net\/fcab\/wp-json\/wp\/v2\/tags?post=247"}],"curies":[{"name":"wp","href":"https:\/\/api.w.org\/{rel}","templated":true}]}}