{"id":193,"date":"2019-01-10T18:40:22","date_gmt":"2019-01-10T17:40:22","guid":{"rendered":"https:\/\/blogs.sindominio.net\/fcab\/?p=193"},"modified":"2023-05-06T18:03:46","modified_gmt":"2023-05-06T16:03:46","slug":"precaristas","status":"publish","type":"post","link":"https:\/\/blogs.sindominio.net\/fcab\/2019\/01\/10\/precaristas\/","title":{"rendered":"Precaristas"},"content":{"rendered":"\n<pre class=\"wp-block-preformatted\"><a href=\"https:\/\/blogs.sindominio.net\/fcab\/2019\/05\/10\/dijous-16-maig\/\">DISSABTE 18<\/a> <br><br>Durada: 75 minuts<br>Direcci\u00f3 i fotografia: Marc Garcia, Alex Losada<br>Gui\u00f3: Guille Larios<br>M\u00fasica: Silvia Tom\u00e1s Trio, Resili\u00e8ncia Rap, Mash Masters <br>Any: 2018<\/pre>\n\n\n\n<pre class=\"wp-block-preformatted\">Sinopsi<br>Precaristas es un documental sobre la lucha por el acceso a la vivienda que est\u00e1n llevando acabo las vecinas del Sindicato de Inquilinas de Gran Canaria. Su objetivo es presentar algunos de los proyectos de vivienda autogestionados que existen en la isla como La Comunidad Esperanza, El Refugio y La Ilusi\u00f3n, entre otros. Proyectos organizados y habitados por personas pobres y en riesgo de exclusi\u00f3n social; familias golpeadas por la \"crisis\", paradas de larga duraci\u00f3n, migrantes sin papeles, madres con menores a cargo que han sido v\u00edctimas de violencia machista y as\u00ed un largo rango de perfiles sociales que ilustran la composici\u00f3n de la miseria canaria. Las m\u00e1s vulneradas y olvidadas por la administraci\u00f3n, las expulsadas del sistema, que s\u00f3lo cuentan con sus manos y con el apoyo de la Federaci\u00f3n de Anarquistas Gran Canaria. A trav\u00e9s de los relatos de su lucha diaria y sus vivencias, nos acercamos a la cara menos atractiva y publicitada del \"Caribe europeo\". <\/pre>\n\n\n\n<figure class=\"wp-block-embed-youtube wp-block-embed is-type-video is-provider-youtube wp-embed-aspect-16-9 wp-has-aspect-ratio\"><div class=\"wp-block-embed__wrapper\">\n<iframe loading=\"lazy\" width=\"1140\" height=\"641\" src=\"https:\/\/www.youtube.com\/embed\/mnST0LIeMDA?feature=oembed\" frameborder=\"0\" allow=\"accelerometer; autoplay; encrypted-media; gyroscope; picture-in-picture\" allowfullscreen><\/iframe>\n<\/div><\/figure>\n","protected":false},"excerpt":{"rendered":"<p>DISSABTE 18 Durada: 75 minutsDirecci\u00f3 i fotografia: Marc Garcia, Alex LosadaGui\u00f3: Guille LariosM\u00fasica: Silvia Tom\u00e1s Trio, Resili\u00e8ncia Rap, Mash Masters Any: 2018 SinopsiPrecaristas es un documental sobre la lucha por el acceso a la vivienda que est\u00e1n llevando acabo las vecinas del Sindicato de Inquilinas de Gran Canaria. Su objetivo es presentar algunos de los [&hellip;]<\/p>\n","protected":false},"author":170,"featured_media":194,"comment_status":"closed","ping_status":"open","sticky":false,"template":"","format":"standard","meta":{"footnotes":""},"categories":[3],"tags":[],"class_list":{"0":"post-193","1":"post","2":"type-post","3":"status-publish","4":"format-standard","5":"has-post-thumbnail","7":"category-docu","8":"czr-hentry"},"_links":{"self":[{"href":"https:\/\/blogs.sindominio.net\/fcab\/wp-json\/wp\/v2\/posts\/193","targetHints":{"allow":["GET"]}}],"collection":[{"href":"https:\/\/blogs.sindominio.net\/fcab\/wp-json\/wp\/v2\/posts"}],"about":[{"href":"https:\/\/blogs.sindominio.net\/fcab\/wp-json\/wp\/v2\/types\/post"}],"author":[{"embeddable":true,"href":"https:\/\/blogs.sindominio.net\/fcab\/wp-json\/wp\/v2\/users\/170"}],"replies":[{"embeddable":true,"href":"https:\/\/blogs.sindominio.net\/fcab\/wp-json\/wp\/v2\/comments?post=193"}],"version-history":[{"count":2,"href":"https:\/\/blogs.sindominio.net\/fcab\/wp-json\/wp\/v2\/posts\/193\/revisions"}],"predecessor-version":[{"id":271,"href":"https:\/\/blogs.sindominio.net\/fcab\/wp-json\/wp\/v2\/posts\/193\/revisions\/271"}],"wp:featuredmedia":[{"embeddable":true,"href":"https:\/\/blogs.sindominio.net\/fcab\/wp-json\/wp\/v2\/media\/194"}],"wp:attachment":[{"href":"https:\/\/blogs.sindominio.net\/fcab\/wp-json\/wp\/v2\/media?parent=193"}],"wp:term":[{"taxonomy":"category","embeddable":true,"href":"https:\/\/blogs.sindominio.net\/fcab\/wp-json\/wp\/v2\/categories?post=193"},{"taxonomy":"post_tag","embeddable":true,"href":"https:\/\/blogs.sindominio.net\/fcab\/wp-json\/wp\/v2\/tags?post=193"}],"curies":[{"name":"wp","href":"https:\/\/api.w.org\/{rel}","templated":true}]}}