{"id":50,"date":"2025-03-05T21:20:40","date_gmt":"2025-03-05T20:20:40","guid":{"rendered":"https:\/\/blogs.sindominio.net\/antirrepreciutatvellavlc\/?p=50"},"modified":"2025-03-05T21:20:40","modified_gmt":"2025-03-05T20:20:40","slug":"inici-de-la-campanya","status":"publish","type":"post","link":"https:\/\/blogs.sindominio.net\/antirrepreciutatvellavlc\/inici-de-la-campanya\/","title":{"rendered":"INICI DE LA CAMPANYA"},"content":{"rendered":"\n<p>Comencem la campanya conjunta antirrepre en resposta a la forta repressi\u00f3 iniciada en els \u00faltims temps en Ciutat Vella (Val\u00e8ncia).<br>Aquesta es difondr\u00e0 a nivell local i estatal en els seg\u00fcents mesos, a trav\u00e9s de multitut de col.lectius, mitjans i amb un gran esdeveniment en el CSOA CSN al barri Ciutat Vella de Val\u00e8ncia.<\/p>\n\n\n\n\n\n<figure class=\"wp-block-gallery has-nested-images columns-default is-cropped wp-block-gallery-1 is-layout-flex wp-block-gallery-is-layout-flex\">\n<figure class=\"wp-block-image size-full\"><img loading=\"lazy\" decoding=\"async\" width=\"640\" height=\"800\" data-id=\"52\" src=\"https:\/\/blogs.sindominio.net\/antirrepreciutatvellavlc\/files\/2025\/03\/5904745314152205183.jpg\" alt=\"\" class=\"wp-image-52\" srcset=\"https:\/\/blogs.sindominio.net\/antirrepreciutatvellavlc\/files\/2025\/03\/5904745314152205183.jpg 640w, https:\/\/blogs.sindominio.net\/antirrepreciutatvellavlc\/files\/2025\/03\/5904745314152205183-240x300.jpg 240w\" sizes=\"auto, (max-width: 640px) 100vw, 640px\" \/><\/figure>\n\n\n\n<figure class=\"wp-block-image size-large\"><img loading=\"lazy\" decoding=\"async\" width=\"819\" height=\"1024\" data-id=\"51\" src=\"https:\/\/blogs.sindominio.net\/antirrepreciutatvellavlc\/files\/2025\/03\/5904745314152205184-819x1024.jpg\" alt=\"\" class=\"wp-image-51\" srcset=\"https:\/\/blogs.sindominio.net\/antirrepreciutatvellavlc\/files\/2025\/03\/5904745314152205184-819x1024.jpg 819w, https:\/\/blogs.sindominio.net\/antirrepreciutatvellavlc\/files\/2025\/03\/5904745314152205184-240x300.jpg 240w, https:\/\/blogs.sindominio.net\/antirrepreciutatvellavlc\/files\/2025\/03\/5904745314152205184-768x960.jpg 768w, https:\/\/blogs.sindominio.net\/antirrepreciutatvellavlc\/files\/2025\/03\/5904745314152205184.jpg 905w\" sizes=\"auto, (max-width: 819px) 100vw, 819px\" \/><\/figure>\n<\/figure>\n\n\n\n<p><\/p>\n","protected":false},"excerpt":{"rendered":"<p>Comencem la campanya conjunta antirrepre en resposta a la forta repressi\u00f3 iniciada en els \u00faltims temps en Ciutat Vella (Val\u00e8ncia).Aquesta es difondr\u00e0 a nivell local i estatal en els seg\u00fcents mesos, a trav\u00e9s de multitut de col.lectius, mitjans i amb &hellip; <a href=\"https:\/\/blogs.sindominio.net\/antirrepreciutatvellavlc\/inici-de-la-campanya\/\">Continua llegint <span class=\"meta-nav\">&rarr;<\/span><\/a><\/p>\n","protected":false},"author":256,"featured_media":0,"comment_status":"open","ping_status":"open","sticky":false,"template":"","format":"standard","meta":{"footnotes":""},"categories":[1],"tags":[],"class_list":["post-50","post","type-post","status-publish","format-standard","hentry","category-sin-categoria"],"_links":{"self":[{"href":"https:\/\/blogs.sindominio.net\/antirrepreciutatvellavlc\/wp-json\/wp\/v2\/posts\/50","targetHints":{"allow":["GET"]}}],"collection":[{"href":"https:\/\/blogs.sindominio.net\/antirrepreciutatvellavlc\/wp-json\/wp\/v2\/posts"}],"about":[{"href":"https:\/\/blogs.sindominio.net\/antirrepreciutatvellavlc\/wp-json\/wp\/v2\/types\/post"}],"author":[{"embeddable":true,"href":"https:\/\/blogs.sindominio.net\/antirrepreciutatvellavlc\/wp-json\/wp\/v2\/users\/256"}],"replies":[{"embeddable":true,"href":"https:\/\/blogs.sindominio.net\/antirrepreciutatvellavlc\/wp-json\/wp\/v2\/comments?post=50"}],"version-history":[{"count":1,"href":"https:\/\/blogs.sindominio.net\/antirrepreciutatvellavlc\/wp-json\/wp\/v2\/posts\/50\/revisions"}],"predecessor-version":[{"id":53,"href":"https:\/\/blogs.sindominio.net\/antirrepreciutatvellavlc\/wp-json\/wp\/v2\/posts\/50\/revisions\/53"}],"wp:attachment":[{"href":"https:\/\/blogs.sindominio.net\/antirrepreciutatvellavlc\/wp-json\/wp\/v2\/media?parent=50"}],"wp:term":[{"taxonomy":"category","embeddable":true,"href":"https:\/\/blogs.sindominio.net\/antirrepreciutatvellavlc\/wp-json\/wp\/v2\/categories?post=50"},{"taxonomy":"post_tag","embeddable":true,"href":"https:\/\/blogs.sindominio.net\/antirrepreciutatvellavlc\/wp-json\/wp\/v2\/tags?post=50"}],"curies":[{"name":"wp","href":"https:\/\/api.w.org\/{rel}","templated":true}]}}