{"id":45,"date":"2025-03-05T21:14:11","date_gmt":"2025-03-05T20:14:11","guid":{"rendered":"https:\/\/blogs.sindominio.net\/antirrepreciutatvellavlc\/?p=45"},"modified":"2025-03-05T21:23:14","modified_gmt":"2025-03-05T20:23:14","slug":"rifa-antirrepre","status":"publish","type":"post","link":"https:\/\/blogs.sindominio.net\/antirrepreciutatvellavlc\/rifa-antirrepre\/","title":{"rendered":"RIFA ANTIRREPRE"},"content":{"rendered":"\n<p>Rifa Antirepressiva Ciutat Vella<\/p>\n\n\n\n<p>En els \u00faltims temps policia i estat han iniciat diferents processos repressius a aquellis que lluiten per l\u2019habitatge i l\u2019autogesti\u00f3, i en contra de l\u2019especulaci\u00f3.<\/p>\n\n\n\n<p>\u2022 La policia ataca la lluita de Caixers el passat maig, imposant una vintena de multes de la \u201cllei mordassa\u201d, superant els 12.000\u202f\u20ac, a aquellis que defenien l\u2019edifici.<\/p>\n\n\n\n<p>\u2022 Recentment, en altre intent de desnonament del mateix edifici es portaren a 4 persones a la comiss\u00e0ria de Sapadors per identificar-les.<\/p>\n\n\n\n<p>\u2022 Aquest gener, la policia va col\u00b7laborar amb una empresa de desokupacions que va intentar desnonar il\u00b7legalment un altre bloc alliberat, la Pesseta; on els agents de l\u2019estat carregaren amb brutal viol\u00e8ncia deixant diverses persones ferides i 3 detingudes, a les quals se les acusa injustificadament d&#8217;atemptat contra l\u2019autoritat, resist\u00e8ncia, desordres p\u00fablics i desobedi\u00e8ncia.<\/p>\n\n\n\n<p>Amb aquests atacs pretenien recuperar immobles okupats de fons voltor, utilitzant recursos p\u00fablics per defendre interessos privats de Good Capital Investment i Reiman Inversiones SL.<\/p>\n\n\n\n<p>Amb aquests processos repressius volem donar una resposta col\u00b7lectiva, perqu\u00e8 per molt que intenten destruir qualsevol iniciativa amb potencial transformador, no deixarem de resistir i lluitar pel que creiem.<\/p>\n\n\n\n<p>Perqu\u00e8 no permetrem que la seua repressi\u00f3 frene les nostres accions i discursos. De fet, aprofitem per a mobilitzar-nos i que tinga l\u2019efecte contrari.<\/p>\n\n\n\n<p>Per a\u00e7\u00f2 llancem aquesta rifa com inici de les campanyes antirepressives i antiautorit\u00e0ries que estem preparant i com a forma de crear una caixa de resist\u00e8ncia que, encara que ens neguem a pagar la repressi\u00f3 que ens imposen, t\u00e9 com a objectiu cobrir les despeses legals de lis represaliadis de forma col\u00b7lectiva.<\/p>\n\n\n\n<p>La rifa ser\u00e0 durant el gran esdeveniment antirepressiu que tindr\u00e0 lloc al CSOA CSN, els dies 9, 10 i 11 de maig. Mentre continuen criminalitzant qualsevol acte de resist\u00e8ncia\u2026<\/p>\n\n\n\n<p>Okupa, resisteix i organitza&#8217;t contra la repressi\u00f3!!!!<\/p>\n\n\n\n<p>Canal de Telegram <a href=\"https:\/\/t.me\/represaliadisCiutatVella\" target=\"_blank\" rel=\"noreferrer noopener\">https:\/\/t.me\/represaliadisCiutatVella<\/a><\/p>\n\n\n\n<figure class=\"wp-block-gallery has-nested-images columns-default is-cropped wp-block-gallery-1 is-layout-flex wp-block-gallery-is-layout-flex\">\n<figure class=\"wp-block-image size-large\"><img loading=\"lazy\" decoding=\"async\" width=\"1024\" height=\"1024\" data-id=\"46\" src=\"https:\/\/blogs.sindominio.net\/antirrepreciutatvellavlc\/files\/2025\/03\/5870530870232863362-1024x1024.jpg\" alt=\"\" class=\"wp-image-46\" srcset=\"https:\/\/blogs.sindominio.net\/antirrepreciutatvellavlc\/files\/2025\/03\/5870530870232863362-1024x1024.jpg 1024w, https:\/\/blogs.sindominio.net\/antirrepreciutatvellavlc\/files\/2025\/03\/5870530870232863362-300x300.jpg 300w, https:\/\/blogs.sindominio.net\/antirrepreciutatvellavlc\/files\/2025\/03\/5870530870232863362-150x150.jpg 150w, https:\/\/blogs.sindominio.net\/antirrepreciutatvellavlc\/files\/2025\/03\/5870530870232863362-768x768.jpg 768w, https:\/\/blogs.sindominio.net\/antirrepreciutatvellavlc\/files\/2025\/03\/5870530870232863362.jpg 1280w\" sizes=\"auto, (max-width: 1024px) 100vw, 1024px\" \/><\/figure>\n\n\n\n<figure class=\"wp-block-image size-large\"><img loading=\"lazy\" decoding=\"async\" width=\"724\" height=\"1024\" data-id=\"47\" src=\"https:\/\/blogs.sindominio.net\/antirrepreciutatvellavlc\/files\/2025\/03\/5870530870232863363-724x1024.jpg\" alt=\"\" class=\"wp-image-47\" srcset=\"https:\/\/blogs.sindominio.net\/antirrepreciutatvellavlc\/files\/2025\/03\/5870530870232863363-724x1024.jpg 724w, https:\/\/blogs.sindominio.net\/antirrepreciutatvellavlc\/files\/2025\/03\/5870530870232863363-212x300.jpg 212w, https:\/\/blogs.sindominio.net\/antirrepreciutatvellavlc\/files\/2025\/03\/5870530870232863363-768x1086.jpg 768w, https:\/\/blogs.sindominio.net\/antirrepreciutatvellavlc\/files\/2025\/03\/5870530870232863363.jpg 905w\" sizes=\"auto, (max-width: 724px) 100vw, 724px\" \/><\/figure>\n<\/figure>\n","protected":false},"excerpt":{"rendered":"<p>Rifa Antirepressiva Ciutat Vella En els \u00faltims temps policia i estat han iniciat diferents processos repressius a aquellis que lluiten per l\u2019habitatge i l\u2019autogesti\u00f3, i en contra de l\u2019especulaci\u00f3. \u2022 La policia ataca la lluita de Caixers el passat maig, &hellip; <a href=\"https:\/\/blogs.sindominio.net\/antirrepreciutatvellavlc\/rifa-antirrepre\/\">Continua llegint <span class=\"meta-nav\">&rarr;<\/span><\/a><\/p>\n","protected":false},"author":256,"featured_media":0,"comment_status":"open","ping_status":"open","sticky":false,"template":"","format":"standard","meta":{"footnotes":""},"categories":[1],"tags":[],"class_list":["post-45","post","type-post","status-publish","format-standard","hentry","category-sin-categoria"],"_links":{"self":[{"href":"https:\/\/blogs.sindominio.net\/antirrepreciutatvellavlc\/wp-json\/wp\/v2\/posts\/45","targetHints":{"allow":["GET"]}}],"collection":[{"href":"https:\/\/blogs.sindominio.net\/antirrepreciutatvellavlc\/wp-json\/wp\/v2\/posts"}],"about":[{"href":"https:\/\/blogs.sindominio.net\/antirrepreciutatvellavlc\/wp-json\/wp\/v2\/types\/post"}],"author":[{"embeddable":true,"href":"https:\/\/blogs.sindominio.net\/antirrepreciutatvellavlc\/wp-json\/wp\/v2\/users\/256"}],"replies":[{"embeddable":true,"href":"https:\/\/blogs.sindominio.net\/antirrepreciutatvellavlc\/wp-json\/wp\/v2\/comments?post=45"}],"version-history":[{"count":2,"href":"https:\/\/blogs.sindominio.net\/antirrepreciutatvellavlc\/wp-json\/wp\/v2\/posts\/45\/revisions"}],"predecessor-version":[{"id":54,"href":"https:\/\/blogs.sindominio.net\/antirrepreciutatvellavlc\/wp-json\/wp\/v2\/posts\/45\/revisions\/54"}],"wp:attachment":[{"href":"https:\/\/blogs.sindominio.net\/antirrepreciutatvellavlc\/wp-json\/wp\/v2\/media?parent=45"}],"wp:term":[{"taxonomy":"category","embeddable":true,"href":"https:\/\/blogs.sindominio.net\/antirrepreciutatvellavlc\/wp-json\/wp\/v2\/categories?post=45"},{"taxonomy":"post_tag","embeddable":true,"href":"https:\/\/blogs.sindominio.net\/antirrepreciutatvellavlc\/wp-json\/wp\/v2\/tags?post=45"}],"curies":[{"name":"wp","href":"https:\/\/api.w.org\/{rel}","templated":true}]}}