{"id":276,"date":"2025-04-25T13:00:51","date_gmt":"2025-04-25T11:00:51","guid":{"rendered":"https:\/\/blogs.sindominio.net\/antirrepreciutatvellavlc\/?p=276"},"modified":"2025-04-25T13:00:51","modified_gmt":"2025-04-25T11:00:51","slug":"mani-antirrepre-09-05","status":"publish","type":"post","link":"https:\/\/blogs.sindominio.net\/antirrepreciutatvellavlc\/mani-antirrepre-09-05\/","title":{"rendered":"MANI ANTIRREPRE (09\/05)"},"content":{"rendered":"\n<figure class=\"wp-block-image size-large\"><img loading=\"lazy\" decoding=\"async\" width=\"711\" height=\"1024\" src=\"https:\/\/blogs.sindominio.net\/antirrepreciutatvellavlc\/files\/2025\/04\/5783152213022066015-711x1024.jpg\" alt=\"\" class=\"wp-image-277\" srcset=\"https:\/\/blogs.sindominio.net\/antirrepreciutatvellavlc\/files\/2025\/04\/5783152213022066015-711x1024.jpg 711w, https:\/\/blogs.sindominio.net\/antirrepreciutatvellavlc\/files\/2025\/04\/5783152213022066015-208x300.jpg 208w, https:\/\/blogs.sindominio.net\/antirrepreciutatvellavlc\/files\/2025\/04\/5783152213022066015-768x1106.jpg 768w, https:\/\/blogs.sindominio.net\/antirrepreciutatvellavlc\/files\/2025\/04\/5783152213022066015.jpg 889w\" sizes=\"auto, (max-width: 711px) 100vw, 711px\" \/><\/figure>\n\n\n\n<p><strong>N&#8217;HI HA PROU DE REPRESSI\u00d3<\/strong><\/p>\n\n\n\n<p>Represaliadis Ciutat Vella convoca manifestaci\u00f3 antirrepre<\/p>\n\n\n\n<p>El <strong>9 de maig<\/strong> eixim als carrers<\/p>\n\n\n\n<p><strong>Hora:<\/strong> 19.30<\/p>\n\n\n\n<p><strong>Lloc: <\/strong>Plaza del Mercat<\/p>\n\n\n\n<p>Contra la penalitzaci\u00f3 de la protesta, contra la repressi\u00f3 institucional, contra el sistema penal i les presons, contra els abusos i la impunitat policial:<\/p>\n\n\n\n<p>Val\u00e8ncia s&#8217;organitza i respon col\u00b7lectivament!<\/p>\n\n\n\n<p>Perqu\u00e8, despr\u00e9s de la seua aprovaci\u00f3 fa 10 anys, la llei mordassa continua vigent. Perqu\u00e8 la repressi\u00f3 burocr\u00e0tica, la brutalitat policial i les detencions arbitr\u00e0ries s\u00f3n la realitat de Val\u00e8ncia i de la gent que l&#8217;habitem.<\/p>\n\n\n\n<p>Per tot aix\u00f2, ens veiem en la<br><strong>LA MANI ANTIRREPRE<\/strong>&nbsp;el pr\u00f2xim 9 de Maig<\/p>\n\n\n\n<p>Davant el seu silenciament, cridem<\/p>\n\n\n\n<p>Davant la seua repressi\u00f3, ens movem<\/p>\n\n\n\n<p>Segueix la campanya antirrepresiva de ciutat vella en les xarxes socials:<br>&#8211; Telegram: represaliadisCiutatVella<br>&#8211; Blog: <a href=\"https:\/\/blog.sindominio.net\/antirrepreciutatvellavlc\" target=\"_blank\" rel=\"noreferrer noopener\">blog.sindominio.net\/antirrepreciutatvellavlc<\/a><\/p>\n\n\n\n<p>DIFON, PARTICIPA, RESISTEIX.<\/p>\n","protected":false},"excerpt":{"rendered":"<p>N&#8217;HI HA PROU DE REPRESSI\u00d3 Represaliadis Ciutat Vella convoca manifestaci\u00f3 antirrepre El 9 de maig eixim als carrers Hora: 19.30 Lloc: Plaza del Mercat Contra la penalitzaci\u00f3 de la protesta, contra la repressi\u00f3 institucional, contra el sistema penal i les &hellip; <a href=\"https:\/\/blogs.sindominio.net\/antirrepreciutatvellavlc\/mani-antirrepre-09-05\/\">Continua llegint <span class=\"meta-nav\">&rarr;<\/span><\/a><\/p>\n","protected":false},"author":256,"featured_media":0,"comment_status":"open","ping_status":"open","sticky":false,"template":"","format":"standard","meta":{"footnotes":""},"categories":[1],"tags":[],"class_list":["post-276","post","type-post","status-publish","format-standard","hentry","category-sin-categoria"],"_links":{"self":[{"href":"https:\/\/blogs.sindominio.net\/antirrepreciutatvellavlc\/wp-json\/wp\/v2\/posts\/276","targetHints":{"allow":["GET"]}}],"collection":[{"href":"https:\/\/blogs.sindominio.net\/antirrepreciutatvellavlc\/wp-json\/wp\/v2\/posts"}],"about":[{"href":"https:\/\/blogs.sindominio.net\/antirrepreciutatvellavlc\/wp-json\/wp\/v2\/types\/post"}],"author":[{"embeddable":true,"href":"https:\/\/blogs.sindominio.net\/antirrepreciutatvellavlc\/wp-json\/wp\/v2\/users\/256"}],"replies":[{"embeddable":true,"href":"https:\/\/blogs.sindominio.net\/antirrepreciutatvellavlc\/wp-json\/wp\/v2\/comments?post=276"}],"version-history":[{"count":1,"href":"https:\/\/blogs.sindominio.net\/antirrepreciutatvellavlc\/wp-json\/wp\/v2\/posts\/276\/revisions"}],"predecessor-version":[{"id":278,"href":"https:\/\/blogs.sindominio.net\/antirrepreciutatvellavlc\/wp-json\/wp\/v2\/posts\/276\/revisions\/278"}],"wp:attachment":[{"href":"https:\/\/blogs.sindominio.net\/antirrepreciutatvellavlc\/wp-json\/wp\/v2\/media?parent=276"}],"wp:term":[{"taxonomy":"category","embeddable":true,"href":"https:\/\/blogs.sindominio.net\/antirrepreciutatvellavlc\/wp-json\/wp\/v2\/categories?post=276"},{"taxonomy":"post_tag","embeddable":true,"href":"https:\/\/blogs.sindominio.net\/antirrepreciutatvellavlc\/wp-json\/wp\/v2\/tags?post=276"}],"curies":[{"name":"wp","href":"https:\/\/api.w.org\/{rel}","templated":true}]}}