{"id":256,"date":"2025-04-25T12:49:59","date_gmt":"2025-04-25T10:49:59","guid":{"rendered":"https:\/\/blogs.sindominio.net\/antirrepreciutatvellavlc\/?p=256"},"modified":"2025-04-25T12:50:00","modified_gmt":"2025-04-25T10:50:00","slug":"segona-semana-de-f-l-i-p-a-r","status":"publish","type":"post","link":"https:\/\/blogs.sindominio.net\/antirrepreciutatvellavlc\/segona-semana-de-f-l-i-p-a-r\/","title":{"rendered":"SEGONA SEMANA DE F.L.I.P.A.R"},"content":{"rendered":"\n<figure class=\"wp-block-gallery has-nested-images columns-default is-cropped wp-block-gallery-1 is-layout-flex wp-block-gallery-is-layout-flex\">\n<figure class=\"wp-block-image size-large\"><img loading=\"lazy\" decoding=\"async\" width=\"379\" height=\"376\" data-id=\"268\" src=\"https:\/\/blogs.sindominio.net\/antirrepreciutatvellavlc\/files\/2025\/04\/5780470091845061118.jpg\" alt=\"\" class=\"wp-image-268\" srcset=\"https:\/\/blogs.sindominio.net\/antirrepreciutatvellavlc\/files\/2025\/04\/5780470091845061118.jpg 379w, https:\/\/blogs.sindominio.net\/antirrepreciutatvellavlc\/files\/2025\/04\/5780470091845061118-300x298.jpg 300w, https:\/\/blogs.sindominio.net\/antirrepreciutatvellavlc\/files\/2025\/04\/5780470091845061118-150x150.jpg 150w\" sizes=\"auto, (max-width: 379px) 100vw, 379px\" \/><\/figure>\n\n\n\n<figure class=\"wp-block-image size-large\"><img loading=\"lazy\" decoding=\"async\" width=\"1024\" height=\"1024\" data-id=\"269\" src=\"https:\/\/blogs.sindominio.net\/antirrepreciutatvellavlc\/files\/2025\/04\/5769147376936797865-4-1024x1024.jpg\" alt=\"\" class=\"wp-image-269\" srcset=\"https:\/\/blogs.sindominio.net\/antirrepreciutatvellavlc\/files\/2025\/04\/5769147376936797865-4-1024x1024.jpg 1024w, https:\/\/blogs.sindominio.net\/antirrepreciutatvellavlc\/files\/2025\/04\/5769147376936797865-4-300x300.jpg 300w, https:\/\/blogs.sindominio.net\/antirrepreciutatvellavlc\/files\/2025\/04\/5769147376936797865-4-150x150.jpg 150w, https:\/\/blogs.sindominio.net\/antirrepreciutatvellavlc\/files\/2025\/04\/5769147376936797865-4-768x768.jpg 768w, https:\/\/blogs.sindominio.net\/antirrepreciutatvellavlc\/files\/2025\/04\/5769147376936797865-4.jpg 1280w\" sizes=\"auto, (max-width: 1024px) 100vw, 1024px\" \/><\/figure>\n<\/figure>\n\n\n\n<p>\u00a1\u00a1\u00a1SEGONA semana de F.L.I.P.A.R,<br>el Festival de Projeccions Anti Repressives!!!<\/p>\n\n\n\n<p>Cinc categories: okupaci\u00f3, lluita social, pres\u00f3, tortures i reparaci\u00f3<\/p>\n\n\n\n<p><strong>22-25 abril (2025)<\/strong><\/p>\n\n\n\n<p>Programaci\u00f3:<\/p>\n\n\n\n<p><strong>Dimarts 22 abril<\/strong><br>La Repartidora. C\/ Revend Rafael Tramoyeres, 8 (Benimaclet)<br>\u202219:00 Black Block &#8211; 77 min (2012)<br>(Tortura, Reparaci\u00f3, Lluita Social)<\/p>\n\n\n\n<p><strong>Dimecres 23 abril<\/strong><br>BSOA Ca La Caixeta. C\/ Dances 5 (El Carme)<br>\u202219:00 -La cifra Negra &#8211; 84 min- 2018 &#8211; VO (Tortura)<\/p>\n\n\n\n<p><strong>Dijous 24 abril <\/strong><\/p>\n\n\n\n<p>Escola Meme Benimaclet &#8211; C\/Poeta Ricard Sant Mart\u00ed,17<br>\u202219:00 &#8211; COPEL, una historia de rebeld\u00eda y dignidad &#8211; 86min -2017 &#8211; VO<br>\u202220:30- Pocos, Buenos y Seguros &#8211; 20min &#8211; 2022 &#8211; VO<br>(Pres\u00f3, Lluita Social y Tortura)<\/p>\n\n\n\n<p><strong>Divendres 25 abril <\/strong><\/p>\n\n\n\n<p>CSOA CSN C\/Cadirers 2 &#8211; El Carme<br>\u202216:00 Minuesa Historia de una okupaci\u00f3n (17min) 1994 VOSE<br>\u202216:30 a) Rote Zora &#8211; 70min. Lluita Social<br>\u202218:00 Taller: Entenem i combatem junts la repressi\u00f3<br>\u202220:00 Pinxada: DJ Martillo<\/p>\n\n\n\n<p>\u00a1\u00a1\u00a1Haura Hamburguesotes y Creilles!!!<\/p>\n","protected":false},"excerpt":{"rendered":"<p>\u00a1\u00a1\u00a1SEGONA semana de F.L.I.P.A.R,el Festival de Projeccions Anti Repressives!!! Cinc categories: okupaci\u00f3, lluita social, pres\u00f3, tortures i reparaci\u00f3 22-25 abril (2025) Programaci\u00f3: Dimarts 22 abrilLa Repartidora. C\/ Revend Rafael Tramoyeres, 8 (Benimaclet)\u202219:00 Black Block &#8211; 77 min (2012)(Tortura, Reparaci\u00f3, Lluita &hellip; <a href=\"https:\/\/blogs.sindominio.net\/antirrepreciutatvellavlc\/segona-semana-de-f-l-i-p-a-r\/\">Continua llegint <span class=\"meta-nav\">&rarr;<\/span><\/a><\/p>\n","protected":false},"author":256,"featured_media":0,"comment_status":"open","ping_status":"open","sticky":false,"template":"","format":"standard","meta":{"footnotes":""},"categories":[1],"tags":[],"class_list":["post-256","post","type-post","status-publish","format-standard","hentry","category-sin-categoria"],"_links":{"self":[{"href":"https:\/\/blogs.sindominio.net\/antirrepreciutatvellavlc\/wp-json\/wp\/v2\/posts\/256","targetHints":{"allow":["GET"]}}],"collection":[{"href":"https:\/\/blogs.sindominio.net\/antirrepreciutatvellavlc\/wp-json\/wp\/v2\/posts"}],"about":[{"href":"https:\/\/blogs.sindominio.net\/antirrepreciutatvellavlc\/wp-json\/wp\/v2\/types\/post"}],"author":[{"embeddable":true,"href":"https:\/\/blogs.sindominio.net\/antirrepreciutatvellavlc\/wp-json\/wp\/v2\/users\/256"}],"replies":[{"embeddable":true,"href":"https:\/\/blogs.sindominio.net\/antirrepreciutatvellavlc\/wp-json\/wp\/v2\/comments?post=256"}],"version-history":[{"count":1,"href":"https:\/\/blogs.sindominio.net\/antirrepreciutatvellavlc\/wp-json\/wp\/v2\/posts\/256\/revisions"}],"predecessor-version":[{"id":270,"href":"https:\/\/blogs.sindominio.net\/antirrepreciutatvellavlc\/wp-json\/wp\/v2\/posts\/256\/revisions\/270"}],"wp:attachment":[{"href":"https:\/\/blogs.sindominio.net\/antirrepreciutatvellavlc\/wp-json\/wp\/v2\/media?parent=256"}],"wp:term":[{"taxonomy":"category","embeddable":true,"href":"https:\/\/blogs.sindominio.net\/antirrepreciutatvellavlc\/wp-json\/wp\/v2\/categories?post=256"},{"taxonomy":"post_tag","embeddable":true,"href":"https:\/\/blogs.sindominio.net\/antirrepreciutatvellavlc\/wp-json\/wp\/v2\/tags?post=256"}],"curies":[{"name":"wp","href":"https:\/\/api.w.org\/{rel}","templated":true}]}}