{"id":248,"date":"2025-04-08T21:17:20","date_gmt":"2025-04-08T19:17:20","guid":{"rendered":"https:\/\/blogs.sindominio.net\/antirrepreciutatvellavlc\/?p=248"},"modified":"2025-04-08T21:18:46","modified_gmt":"2025-04-08T19:18:46","slug":"trobada-pim-pam-pum","status":"publish","type":"post","link":"https:\/\/blogs.sindominio.net\/antirrepreciutatvellavlc\/trobada-pim-pam-pum\/","title":{"rendered":"TROBADA PIM PAM PUM (26\/04)"},"content":{"rendered":"\n<figure class=\"wp-block-image size-full\"><img loading=\"lazy\" decoding=\"async\" width=\"556\" height=\"800\" src=\"https:\/\/blogs.sindominio.net\/antirrepreciutatvellavlc\/files\/2025\/04\/6028588776281982714.jpg\" alt=\"\" class=\"wp-image-249\" srcset=\"https:\/\/blogs.sindominio.net\/antirrepreciutatvellavlc\/files\/2025\/04\/6028588776281982714.jpg 556w, https:\/\/blogs.sindominio.net\/antirrepreciutatvellavlc\/files\/2025\/04\/6028588776281982714-209x300.jpg 209w\" sizes=\"auto, (max-width: 556px) 100vw, 556px\" \/><\/figure>\n\n\n\n<p><strong>26 DE ABRIL<br>26 DE ABRIL<br>26 DE ABRIL<\/strong><br>en Escola Meme C\/Poeta Ricard Sanmarti, 17<\/p>\n\n\n\n<p>Empezamos fuerte por la ma\u00f1ana:<\/p>\n\n\n\n<p><strong>10:30<\/strong>&nbsp;&#8211; Com combatre la repressi\u00f3 col.lectivament. Per \u00c8gida, col.lectiu defensa col.lectiva anarquista.<\/p>\n\n\n\n<p><strong>12:30<\/strong>&nbsp;&#8211; Primera Auxilis a manis i disturbis. Per personal sanitari.<br>\u00a1Ni una herida sin curar!<\/p>\n\n\n\n<p><strong>14:30<\/strong>&nbsp;&#8211; Paella vegana riquisima.<\/p>\n\n\n\n<p><strong>16:00<\/strong>&nbsp;&#8211; No hay tiempo para siesta pero s\u00ed para la adaptaci\u00f3 d&#8217;espectacle de titelles &#8220;Cultura de la seguretat&#8221;.<\/p>\n\n\n\n<p>Seguimos fuerte por la tarde:<\/p>\n\n\n\n<p><strong>16:30<\/strong>&nbsp;&#8211; Seguretat inform\u00e0tica. Per Critical Switch, col.lectiu transhackfeminista. Traete tu movil, ordenador y ganas de ser la persona mas cibersegura.<\/p>\n\n\n\n<p><strong>18:00<\/strong>&nbsp;&#8211; La repressi\u00f3 es combateix lluitant. Per \u00c8gida.<\/p>\n\n\n\n<p><strong>19:30<\/strong>&nbsp;&#8211; Punxadeta de TuberCulos Reebotando<\/p>\n\n\n\n<p>Haur\u00e1 sopar veg\u00e1 y sense gluten<\/p>\n\n\n\n<p>Y todo esto hasta las <strong>22:00h<\/strong>, que tristemente el evento se acaba.<\/p>\n","protected":false},"excerpt":{"rendered":"<p>26 DE ABRIL26 DE ABRIL26 DE ABRILen Escola Meme C\/Poeta Ricard Sanmarti, 17 Empezamos fuerte por la ma\u00f1ana: 10:30&nbsp;&#8211; Com combatre la repressi\u00f3 col.lectivament. Per \u00c8gida, col.lectiu defensa col.lectiva anarquista. 12:30&nbsp;&#8211; Primera Auxilis a manis i disturbis. Per personal sanitari.\u00a1Ni &hellip; <a href=\"https:\/\/blogs.sindominio.net\/antirrepreciutatvellavlc\/trobada-pim-pam-pum\/\">Continua llegint <span class=\"meta-nav\">&rarr;<\/span><\/a><\/p>\n","protected":false},"author":256,"featured_media":0,"comment_status":"open","ping_status":"open","sticky":false,"template":"","format":"standard","meta":{"footnotes":""},"categories":[1],"tags":[],"class_list":["post-248","post","type-post","status-publish","format-standard","hentry","category-sin-categoria"],"_links":{"self":[{"href":"https:\/\/blogs.sindominio.net\/antirrepreciutatvellavlc\/wp-json\/wp\/v2\/posts\/248","targetHints":{"allow":["GET"]}}],"collection":[{"href":"https:\/\/blogs.sindominio.net\/antirrepreciutatvellavlc\/wp-json\/wp\/v2\/posts"}],"about":[{"href":"https:\/\/blogs.sindominio.net\/antirrepreciutatvellavlc\/wp-json\/wp\/v2\/types\/post"}],"author":[{"embeddable":true,"href":"https:\/\/blogs.sindominio.net\/antirrepreciutatvellavlc\/wp-json\/wp\/v2\/users\/256"}],"replies":[{"embeddable":true,"href":"https:\/\/blogs.sindominio.net\/antirrepreciutatvellavlc\/wp-json\/wp\/v2\/comments?post=248"}],"version-history":[{"count":3,"href":"https:\/\/blogs.sindominio.net\/antirrepreciutatvellavlc\/wp-json\/wp\/v2\/posts\/248\/revisions"}],"predecessor-version":[{"id":252,"href":"https:\/\/blogs.sindominio.net\/antirrepreciutatvellavlc\/wp-json\/wp\/v2\/posts\/248\/revisions\/252"}],"wp:attachment":[{"href":"https:\/\/blogs.sindominio.net\/antirrepreciutatvellavlc\/wp-json\/wp\/v2\/media?parent=248"}],"wp:term":[{"taxonomy":"category","embeddable":true,"href":"https:\/\/blogs.sindominio.net\/antirrepreciutatvellavlc\/wp-json\/wp\/v2\/categories?post=248"},{"taxonomy":"post_tag","embeddable":true,"href":"https:\/\/blogs.sindominio.net\/antirrepreciutatvellavlc\/wp-json\/wp\/v2\/tags?post=248"}],"curies":[{"name":"wp","href":"https:\/\/api.w.org\/{rel}","templated":true}]}}