{"id":232,"date":"2025-04-03T22:01:52","date_gmt":"2025-04-03T20:01:52","guid":{"rendered":"https:\/\/blogs.sindominio.net\/antirrepreciutatvellavlc\/?p=232"},"modified":"2025-04-03T22:12:33","modified_gmt":"2025-04-03T20:12:33","slug":"dando-el-callo","status":"publish","type":"post","link":"https:\/\/blogs.sindominio.net\/antirrepreciutatvellavlc\/dando-el-callo\/","title":{"rendered":"DANDO EL CALLO"},"content":{"rendered":"\n<figure class=\"wp-block-image size-full\"><img loading=\"lazy\" decoding=\"async\" width=\"566\" height=\"800\" src=\"https:\/\/blogs.sindominio.net\/antirrepreciutatvellavlc\/files\/2025\/04\/6014924342124725515.jpg\" alt=\"\" class=\"wp-image-233\" srcset=\"https:\/\/blogs.sindominio.net\/antirrepreciutatvellavlc\/files\/2025\/04\/6014924342124725515.jpg 566w, https:\/\/blogs.sindominio.net\/antirrepreciutatvellavlc\/files\/2025\/04\/6014924342124725515-212x300.jpg 212w\" sizes=\"auto, (max-width: 566px) 100vw, 566px\" \/><\/figure>\n\n\n\n<p>Desde Cayo Tierno: <\/p>\n\n\n\n<p>La pe\u00f1uski que est\u00e1 en el aula de danza del CSOA CSN los mi\u00e9rcoles de 17h a 19h &#8211; os queremos invitar y animar a participar en las jonadotas &#8216;Dando el callo&#8217;<\/p>\n\n\n\n<p>(por les amigues represaliades).<\/p>\n\n\n\n<p>Nuestra intenci\u00f3n es poder compartir espacios de creaci\u00f3n, movimiento\u00a0y corporalidad que sirvan de herramienta pol\u00edtica y ocupar un espacio de trasformaci\u00f3n social que complemente de otra forma la palabra. Como veis, tenemos una magn\u00edfica selecci\u00f3n de talleres (hay de to, algo te va a gustar 100%) durante un total de 3 D\u00cdAS!!! (vamos, que seguro que alguno puedes venir y no hay excusa).<\/p>\n\n\n\n<p>Dejaremos un bote de aportaci\u00f3n consciente, (precio recomendado: 6-15\u20ac) ya que todos los beneficios ir\u00e1n dirigidos a la Campa\u00f1a Antirrepresiva de les Represaliadis de Ciutat Vella.<\/p>\n\n\n\n<p>CSOA CSN, Calle Cadirers 2, tira de la cuerda de la campana al llegar. <\/p>\n\n\n\n<p><strong>PROGRAMACI\u00d3N<\/strong><br><strong>Martes 08\/04<\/strong><br>17:30-20h Masajes y revoluci\u00f3n.<\/p>\n\n\n\n<p>Exploramos las&nbsp; posibilidades subversivas del masaje colectivamente. (Si puedes trae una esterilla, y si no, apa\u00f1amos) Por Cata Dom\u00ednguez Castell\u00f3.<\/p>\n\n\n\n<p><br><strong>Mi\u00e9rcoles 09\/04<\/strong><br>17:30-20h Taller de antiperfordance.<\/p>\n\n\n\n<p>&nbsp;Vente a romper los l\u00edmites de la perfordance. Por Nurietzsche y Seda.<\/p>\n\n\n\n<p><br><strong>Jueves 10\/04<\/strong><br>17-19h Taller de contact.<\/p>\n\n\n\n<p>Nuevas formas de estar en contacto. Por Mar\u00eda Tamarit, bailarina y performer.<\/p>\n\n\n\n<p>19:45-21:45h Entrenamiento corporal y sonoro.<\/p>\n\n\n\n<p>Usos de darle forma al cuerpo y a la voz. Por Benjamin Prati, teatro de los posibles.<\/p>\n\n\n\n<p><br>22-23h Cenorrio de Reinonis.<\/p>\n\n\n\n<p>&nbsp;Cerramos estas lindas jornadas disfrutando de una comidita riqu\u00edsima.<\/p>\n\n\n\n<p>\u00a1P\u00e1sate y disfruta de tu cuerpecita!<\/p>\n\n\n\n<p><\/p>\n","protected":false},"excerpt":{"rendered":"<p>Desde Cayo Tierno: La pe\u00f1uski que est\u00e1 en el aula de danza del CSOA CSN los mi\u00e9rcoles de 17h a 19h &#8211; os queremos invitar y animar a participar en las jonadotas &#8216;Dando el callo&#8217; (por les amigues represaliades). Nuestra &hellip; <a href=\"https:\/\/blogs.sindominio.net\/antirrepreciutatvellavlc\/dando-el-callo\/\">Continua llegint <span class=\"meta-nav\">&rarr;<\/span><\/a><\/p>\n","protected":false},"author":256,"featured_media":0,"comment_status":"open","ping_status":"open","sticky":false,"template":"","format":"standard","meta":{"footnotes":""},"categories":[1],"tags":[],"class_list":["post-232","post","type-post","status-publish","format-standard","hentry","category-sin-categoria"],"_links":{"self":[{"href":"https:\/\/blogs.sindominio.net\/antirrepreciutatvellavlc\/wp-json\/wp\/v2\/posts\/232","targetHints":{"allow":["GET"]}}],"collection":[{"href":"https:\/\/blogs.sindominio.net\/antirrepreciutatvellavlc\/wp-json\/wp\/v2\/posts"}],"about":[{"href":"https:\/\/blogs.sindominio.net\/antirrepreciutatvellavlc\/wp-json\/wp\/v2\/types\/post"}],"author":[{"embeddable":true,"href":"https:\/\/blogs.sindominio.net\/antirrepreciutatvellavlc\/wp-json\/wp\/v2\/users\/256"}],"replies":[{"embeddable":true,"href":"https:\/\/blogs.sindominio.net\/antirrepreciutatvellavlc\/wp-json\/wp\/v2\/comments?post=232"}],"version-history":[{"count":3,"href":"https:\/\/blogs.sindominio.net\/antirrepreciutatvellavlc\/wp-json\/wp\/v2\/posts\/232\/revisions"}],"predecessor-version":[{"id":242,"href":"https:\/\/blogs.sindominio.net\/antirrepreciutatvellavlc\/wp-json\/wp\/v2\/posts\/232\/revisions\/242"}],"wp:attachment":[{"href":"https:\/\/blogs.sindominio.net\/antirrepreciutatvellavlc\/wp-json\/wp\/v2\/media?parent=232"}],"wp:term":[{"taxonomy":"category","embeddable":true,"href":"https:\/\/blogs.sindominio.net\/antirrepreciutatvellavlc\/wp-json\/wp\/v2\/categories?post=232"},{"taxonomy":"post_tag","embeddable":true,"href":"https:\/\/blogs.sindominio.net\/antirrepreciutatvellavlc\/wp-json\/wp\/v2\/tags?post=232"}],"curies":[{"name":"wp","href":"https:\/\/api.w.org\/{rel}","templated":true}]}}