{"id":222,"date":"2025-03-26T21:49:48","date_gmt":"2025-03-26T20:49:48","guid":{"rendered":"https:\/\/blogs.sindominio.net\/antirrepreciutatvellavlc\/?p=222"},"modified":"2025-03-26T21:49:48","modified_gmt":"2025-03-26T20:49:48","slug":"ultim-dia-de-f-l-i-p-a-r","status":"publish","type":"post","link":"https:\/\/blogs.sindominio.net\/antirrepreciutatvellavlc\/ultim-dia-de-f-l-i-p-a-r\/","title":{"rendered":"\u00daLTIM DIA DE F.L.I.P.A.R"},"content":{"rendered":"\n<figure class=\"wp-block-image size-large\"><img loading=\"lazy\" decoding=\"async\" width=\"1024\" height=\"1024\" src=\"https:\/\/blogs.sindominio.net\/antirrepreciutatvellavlc\/files\/2025\/03\/5987776768674744120-1024x1024.jpg\" alt=\"\" class=\"wp-image-223\" srcset=\"https:\/\/blogs.sindominio.net\/antirrepreciutatvellavlc\/files\/2025\/03\/5987776768674744120-1024x1024.jpg 1024w, https:\/\/blogs.sindominio.net\/antirrepreciutatvellavlc\/files\/2025\/03\/5987776768674744120-300x300.jpg 300w, https:\/\/blogs.sindominio.net\/antirrepreciutatvellavlc\/files\/2025\/03\/5987776768674744120-150x150.jpg 150w, https:\/\/blogs.sindominio.net\/antirrepreciutatvellavlc\/files\/2025\/03\/5987776768674744120-768x768.jpg 768w, https:\/\/blogs.sindominio.net\/antirrepreciutatvellavlc\/files\/2025\/03\/5987776768674744120.jpg 1280w\" sizes=\"auto, (max-width: 1024px) 100vw, 1024px\" \/><\/figure>\n\n\n\n<p>\u00daltim dia de F.L.I.P.A.R.<\/p>\n\n\n\n<p>Acabem la primera part del festival en CSOA L&#8217;Horta que se situa al final del carrer Di\u00f3genes L\u00f3pez Mecho &#8211; Benimaclet<\/p>\n\n\n\n<p>a les 17:00 el documental &#8220;Laietana 43: el cau de la b\u00e8stia&#8221; que est\u00e0 dins de les categories de tortura i reparaci\u00f3<br>(63 min &#8211; 2024 &#8211; vose)<\/p>\n\n\n\n<p><br>a les 18:30 els documentals<br>&#8220;la doctrina de las pelotas asesinas&#8221; (4 min. &#8211; vo),<br>&#8220;ojo con tu ojo&#8221; (15 min. &#8211; vo) i<br>&#8220;we are now&#8221; (20 min &#8211; vo)<br>tots dins de les categories de lluita social i tortura<\/p>\n\n\n\n<p>I com sempre, hi haur\u00e0 entrepans, s\u00e0ndwitxos, crispetes i begudes.<\/p>\n","protected":false},"excerpt":{"rendered":"<p>\u00daltim dia de F.L.I.P.A.R. Acabem la primera part del festival en CSOA L&#8217;Horta que se situa al final del carrer Di\u00f3genes L\u00f3pez Mecho &#8211; Benimaclet a les 17:00 el documental &#8220;Laietana 43: el cau de la b\u00e8stia&#8221; que est\u00e0 dins &hellip; <a href=\"https:\/\/blogs.sindominio.net\/antirrepreciutatvellavlc\/ultim-dia-de-f-l-i-p-a-r\/\">Continua llegint <span class=\"meta-nav\">&rarr;<\/span><\/a><\/p>\n","protected":false},"author":256,"featured_media":0,"comment_status":"open","ping_status":"open","sticky":false,"template":"","format":"standard","meta":{"footnotes":""},"categories":[1],"tags":[],"class_list":["post-222","post","type-post","status-publish","format-standard","hentry","category-sin-categoria"],"_links":{"self":[{"href":"https:\/\/blogs.sindominio.net\/antirrepreciutatvellavlc\/wp-json\/wp\/v2\/posts\/222","targetHints":{"allow":["GET"]}}],"collection":[{"href":"https:\/\/blogs.sindominio.net\/antirrepreciutatvellavlc\/wp-json\/wp\/v2\/posts"}],"about":[{"href":"https:\/\/blogs.sindominio.net\/antirrepreciutatvellavlc\/wp-json\/wp\/v2\/types\/post"}],"author":[{"embeddable":true,"href":"https:\/\/blogs.sindominio.net\/antirrepreciutatvellavlc\/wp-json\/wp\/v2\/users\/256"}],"replies":[{"embeddable":true,"href":"https:\/\/blogs.sindominio.net\/antirrepreciutatvellavlc\/wp-json\/wp\/v2\/comments?post=222"}],"version-history":[{"count":1,"href":"https:\/\/blogs.sindominio.net\/antirrepreciutatvellavlc\/wp-json\/wp\/v2\/posts\/222\/revisions"}],"predecessor-version":[{"id":224,"href":"https:\/\/blogs.sindominio.net\/antirrepreciutatvellavlc\/wp-json\/wp\/v2\/posts\/222\/revisions\/224"}],"wp:attachment":[{"href":"https:\/\/blogs.sindominio.net\/antirrepreciutatvellavlc\/wp-json\/wp\/v2\/media?parent=222"}],"wp:term":[{"taxonomy":"category","embeddable":true,"href":"https:\/\/blogs.sindominio.net\/antirrepreciutatvellavlc\/wp-json\/wp\/v2\/categories?post=222"},{"taxonomy":"post_tag","embeddable":true,"href":"https:\/\/blogs.sindominio.net\/antirrepreciutatvellavlc\/wp-json\/wp\/v2\/tags?post=222"}],"curies":[{"name":"wp","href":"https:\/\/api.w.org\/{rel}","templated":true}]}}