{"id":210,"date":"2025-03-24T14:55:30","date_gmt":"2025-03-24T13:55:30","guid":{"rendered":"https:\/\/blogs.sindominio.net\/antirrepreciutatvellavlc\/?p=210"},"modified":"2025-03-24T14:55:30","modified_gmt":"2025-03-24T13:55:30","slug":"segon-dia-de-f-l-i-p-a-r","status":"publish","type":"post","link":"https:\/\/blogs.sindominio.net\/antirrepreciutatvellavlc\/segon-dia-de-f-l-i-p-a-r\/","title":{"rendered":"SEGON DIA DE F.L.I.P.A.R"},"content":{"rendered":"\n<figure class=\"wp-block-image size-large\"><img loading=\"lazy\" decoding=\"async\" width=\"576\" height=\"1024\" src=\"https:\/\/blogs.sindominio.net\/antirrepreciutatvellavlc\/files\/2025\/03\/5983234849349159000-576x1024.jpg\" alt=\"\" class=\"wp-image-211\" srcset=\"https:\/\/blogs.sindominio.net\/antirrepreciutatvellavlc\/files\/2025\/03\/5983234849349159000-576x1024.jpg 576w, https:\/\/blogs.sindominio.net\/antirrepreciutatvellavlc\/files\/2025\/03\/5983234849349159000-169x300.jpg 169w, https:\/\/blogs.sindominio.net\/antirrepreciutatvellavlc\/files\/2025\/03\/5983234849349159000.jpg 720w\" sizes=\"auto, (max-width: 576px) 100vw, 576px\" \/><\/figure>\n\n\n\n<p>Segon dia de F.L.I.P.A.R.!!!<\/p>\n\n\n\n<p>estigueu pendents de les xarxes per a con\u00e9ixer cada dia<\/p>\n\n\n\n<p>dilluns 24 mar\u00e7<br>Ateneu Llibertari del Cabanyal<br>Carrer Barraca, 57 &#8211; cabanyal<\/p>\n\n\n\n<p>a les 17:00&nbsp;vorem el documental &#8220;Altsasu, heridas abiertas&#8221; que est\u00e0 dins de les categories de lluita social i pres\u00f3.<br>(80 min. &#8211; 2021 &#8211; vose)<\/p>\n\n\n\n<p>a les 19:30&nbsp;vorem el documental &#8220;La conspiraci\u00f3n de Chicago&#8221; que est\u00e0 dins de les categories de lluita social, tortura i pres\u00f3<br>(94 min. &#8211; vose)<\/p>\n","protected":false},"excerpt":{"rendered":"<p>Segon dia de F.L.I.P.A.R.!!! estigueu pendents de les xarxes per a con\u00e9ixer cada dia dilluns 24 mar\u00e7Ateneu Llibertari del CabanyalCarrer Barraca, 57 &#8211; cabanyal a les 17:00&nbsp;vorem el documental &#8220;Altsasu, heridas abiertas&#8221; que est\u00e0 dins de les categories de lluita &hellip; <a href=\"https:\/\/blogs.sindominio.net\/antirrepreciutatvellavlc\/segon-dia-de-f-l-i-p-a-r\/\">Continua llegint <span class=\"meta-nav\">&rarr;<\/span><\/a><\/p>\n","protected":false},"author":256,"featured_media":0,"comment_status":"open","ping_status":"open","sticky":false,"template":"","format":"standard","meta":{"footnotes":""},"categories":[1],"tags":[],"class_list":["post-210","post","type-post","status-publish","format-standard","hentry","category-sin-categoria"],"_links":{"self":[{"href":"https:\/\/blogs.sindominio.net\/antirrepreciutatvellavlc\/wp-json\/wp\/v2\/posts\/210","targetHints":{"allow":["GET"]}}],"collection":[{"href":"https:\/\/blogs.sindominio.net\/antirrepreciutatvellavlc\/wp-json\/wp\/v2\/posts"}],"about":[{"href":"https:\/\/blogs.sindominio.net\/antirrepreciutatvellavlc\/wp-json\/wp\/v2\/types\/post"}],"author":[{"embeddable":true,"href":"https:\/\/blogs.sindominio.net\/antirrepreciutatvellavlc\/wp-json\/wp\/v2\/users\/256"}],"replies":[{"embeddable":true,"href":"https:\/\/blogs.sindominio.net\/antirrepreciutatvellavlc\/wp-json\/wp\/v2\/comments?post=210"}],"version-history":[{"count":1,"href":"https:\/\/blogs.sindominio.net\/antirrepreciutatvellavlc\/wp-json\/wp\/v2\/posts\/210\/revisions"}],"predecessor-version":[{"id":212,"href":"https:\/\/blogs.sindominio.net\/antirrepreciutatvellavlc\/wp-json\/wp\/v2\/posts\/210\/revisions\/212"}],"wp:attachment":[{"href":"https:\/\/blogs.sindominio.net\/antirrepreciutatvellavlc\/wp-json\/wp\/v2\/media?parent=210"}],"wp:term":[{"taxonomy":"category","embeddable":true,"href":"https:\/\/blogs.sindominio.net\/antirrepreciutatvellavlc\/wp-json\/wp\/v2\/categories?post=210"},{"taxonomy":"post_tag","embeddable":true,"href":"https:\/\/blogs.sindominio.net\/antirrepreciutatvellavlc\/wp-json\/wp\/v2\/tags?post=210"}],"curies":[{"name":"wp","href":"https:\/\/api.w.org\/{rel}","templated":true}]}}