{"id":205,"date":"2025-03-22T18:14:08","date_gmt":"2025-03-22T17:14:08","guid":{"rendered":"https:\/\/blogs.sindominio.net\/antirrepreciutatvellavlc\/?p=205"},"modified":"2025-03-23T00:21:04","modified_gmt":"2025-03-22T23:21:04","slug":"primer-dia-de-f-l-i-p-a-r","status":"publish","type":"post","link":"https:\/\/blogs.sindominio.net\/antirrepreciutatvellavlc\/primer-dia-de-f-l-i-p-a-r\/","title":{"rendered":"PRIMER DIA DE F.L.I.P.A.R"},"content":{"rendered":"\n<figure class=\"wp-block-image size-large\"><img loading=\"lazy\" decoding=\"async\" width=\"1024\" height=\"1024\" src=\"https:\/\/blogs.sindominio.net\/antirrepreciutatvellavlc\/files\/2025\/03\/5972017069081872875-1024x1024.jpg\" alt=\"\" class=\"wp-image-196\" srcset=\"https:\/\/blogs.sindominio.net\/antirrepreciutatvellavlc\/files\/2025\/03\/5972017069081872875-1024x1024.jpg 1024w, https:\/\/blogs.sindominio.net\/antirrepreciutatvellavlc\/files\/2025\/03\/5972017069081872875-300x300.jpg 300w, https:\/\/blogs.sindominio.net\/antirrepreciutatvellavlc\/files\/2025\/03\/5972017069081872875-150x150.jpg 150w, https:\/\/blogs.sindominio.net\/antirrepreciutatvellavlc\/files\/2025\/03\/5972017069081872875-768x768.jpg 768w, https:\/\/blogs.sindominio.net\/antirrepreciutatvellavlc\/files\/2025\/03\/5972017069081872875.jpg 1280w\" sizes=\"auto, (max-width: 1024px) 100vw, 1024px\" \/><\/figure>\n\n\n\n<p>Esta \u00e9s la programaci\u00f3 del PRIMER dia de F.L.I.P.A.R.<\/p>\n\n\n\n<p>No et perdes la inauguraci\u00f3 del festival de cinema m\u00e9s esperat de tots els temps!!!<\/p>\n\n\n\n<p>Festa de presentaci\u00f3:<\/p>\n\n\n\n<p>diumenge 23 mar\u00e7<br>CSOA CSN<br>carrer Cadirers, 2 &#8211; El Carme<\/p>\n\n\n\n<p>a les 12:00&nbsp;presentaci\u00f3<br>a les 12:30&nbsp;verm\u00fa i pinxada<br>a les 14:00&nbsp;putxero<\/p>\n\n\n\n<p>a les 17:00&nbsp;vorem el documental &#8220;Londres no es Sevilla&#8221; que est\u00e0 dins de la categoria de okupaci\u00f3<br>(52 min. &#8211; 2010 &#8211; vose)<\/p>\n\n\n\n<p>a les 19:00&nbsp;vorem el documental &#8220;Ciutat Morta&#8221; que est\u00e0 dins de les categories de tortura, pres\u00f3, lluita social<br>(120 min. &#8211; 2014 &#8211; vose)<\/p>\n\n\n\n<p>F.L.I.P.A.R: Festival de Projeccions Anti Represives<\/p>\n\n\n\n<p>Les categories s\u00f3n: okupaci\u00f3, lluita social, pres\u00f3, tortures y reparaci\u00f3.<\/p>\n\n\n\n<p>23-27 mar\u00e7 i 21-25 abril (2025)<\/p>\n\n\n\n<p>telegram: <a>@respresaliadisCiutatVella<\/a><\/p>\n","protected":false},"excerpt":{"rendered":"<p>Esta \u00e9s la programaci\u00f3 del PRIMER dia de F.L.I.P.A.R. No et perdes la inauguraci\u00f3 del festival de cinema m\u00e9s esperat de tots els temps!!! Festa de presentaci\u00f3: diumenge 23 mar\u00e7CSOA CSNcarrer Cadirers, 2 &#8211; El Carme a les 12:00&nbsp;presentaci\u00f3a les &hellip; <a href=\"https:\/\/blogs.sindominio.net\/antirrepreciutatvellavlc\/primer-dia-de-f-l-i-p-a-r\/\">Continua llegint <span class=\"meta-nav\">&rarr;<\/span><\/a><\/p>\n","protected":false},"author":256,"featured_media":0,"comment_status":"open","ping_status":"open","sticky":false,"template":"","format":"standard","meta":{"footnotes":""},"categories":[1],"tags":[],"class_list":["post-205","post","type-post","status-publish","format-standard","hentry","category-sin-categoria"],"_links":{"self":[{"href":"https:\/\/blogs.sindominio.net\/antirrepreciutatvellavlc\/wp-json\/wp\/v2\/posts\/205","targetHints":{"allow":["GET"]}}],"collection":[{"href":"https:\/\/blogs.sindominio.net\/antirrepreciutatvellavlc\/wp-json\/wp\/v2\/posts"}],"about":[{"href":"https:\/\/blogs.sindominio.net\/antirrepreciutatvellavlc\/wp-json\/wp\/v2\/types\/post"}],"author":[{"embeddable":true,"href":"https:\/\/blogs.sindominio.net\/antirrepreciutatvellavlc\/wp-json\/wp\/v2\/users\/256"}],"replies":[{"embeddable":true,"href":"https:\/\/blogs.sindominio.net\/antirrepreciutatvellavlc\/wp-json\/wp\/v2\/comments?post=205"}],"version-history":[{"count":2,"href":"https:\/\/blogs.sindominio.net\/antirrepreciutatvellavlc\/wp-json\/wp\/v2\/posts\/205\/revisions"}],"predecessor-version":[{"id":209,"href":"https:\/\/blogs.sindominio.net\/antirrepreciutatvellavlc\/wp-json\/wp\/v2\/posts\/205\/revisions\/209"}],"wp:attachment":[{"href":"https:\/\/blogs.sindominio.net\/antirrepreciutatvellavlc\/wp-json\/wp\/v2\/media?parent=205"}],"wp:term":[{"taxonomy":"category","embeddable":true,"href":"https:\/\/blogs.sindominio.net\/antirrepreciutatvellavlc\/wp-json\/wp\/v2\/categories?post=205"},{"taxonomy":"post_tag","embeddable":true,"href":"https:\/\/blogs.sindominio.net\/antirrepreciutatvellavlc\/wp-json\/wp\/v2\/tags?post=205"}],"curies":[{"name":"wp","href":"https:\/\/api.w.org\/{rel}","templated":true}]}}